{"id":166697,"date":"2017-08-24T06:19:16","date_gmt":"2017-08-24T04:19:16","guid":{"rendered":"http:\/\/www.fuldaer-nachrichten.de\/?p=166697"},"modified":"2017-08-24T06:19:33","modified_gmt":"2017-08-24T04:19:33","slug":"klassische-musik-fuer-kinder-im-grundschulalter","status":"publish","type":"post","link":"https:\/\/www.fuldaernachrichten.de\/?p=166697","title":{"rendered":"Klassische Musik f\u00fcr Kinder im Grundschulalter"},"content":{"rendered":"<p>Das inzwischen schon zur Tradition gewordene Sitzkissenkonzert, das in Kooperation von den Ch\u00f6ren am Dom, dem Kammerorchester der Jugend und der Musikschule der Stadt Fulda veranstaltet wird, findet am Sonntag, 17. September, um 11.30 Uhr in der Aula der Alten Universit\u00e4t statt. <\/p>\n<p>Kinder im Grundschulalter sollen in altersgerechter Form an die klassische Musik herangef\u00fchrt werden. Die Handpuppe Luzi, mitgebracht von Alexandra Pesold-Weidemann, wird auf ihre unnachahmliche Art durch ein buntes Programm f\u00fchren, welches von den Ch\u00f6ren am Dom unter der Leitung von Franz-Peter Huber, dem Kammerorchester der Jugend unter Martin Kl\u00fch und Sch\u00fclern der Musikschule Fulda gestaltet wird. Unterst\u00fctzung werden sie von den Klassen 3a und 3b der Propst-Conrad-von-Mengersen-Schule in Johannesberg erfahren. Dabei werden altersgem\u00e4\u00dfe Lieder zum Zuh\u00f6ren und Mitsingen geboten, das Instrument Viola vorgestellt, sowie das klassische Orchester einmal ganz aus der N\u00e4he gezeigt. Der Eintritt ist frei, nur ihre Sitzkissen sollen die Besucher bitte selbst mitbringen.<\/p>\n","protected":false},"excerpt":{"rendered":"<div class=\"tmnf_excerpt\"><p>Das inzwischen schon zur Tradition gewordene Sitzkissenkonzert, das in Kooperation von den Ch\u00f6ren am Dom, dem Kammerorchester der Jugend und der Musikschule der Stadt Fulda veranstaltet wird, findet am Sonntag, 17. September, um 11.30 Uhr in der Aula der Alten Universit\u00e4t statt. Kinder im Grundschulalter sollen in altersgerechter Form an die klassische Musik herangef\u00fchrt werden. &hellip;<\/p>\n<\/div>","protected":false},"author":1,"featured_media":166700,"comment_status":"closed","ping_status":"closed","sticky":false,"template":"","format":"standard","meta":{"footnotes":""},"categories":[1],"tags":[],"class_list":["post-166697","post","type-post","status-publish","format-standard","has-post-thumbnail","hentry","category-startseite"],"_links":{"self":[{"href":"https:\/\/www.fuldaernachrichten.de\/index.php?rest_route=\/wp\/v2\/posts\/166697","targetHints":{"allow":["GET"]}}],"collection":[{"href":"https:\/\/www.fuldaernachrichten.de\/index.php?rest_route=\/wp\/v2\/posts"}],"about":[{"href":"https:\/\/www.fuldaernachrichten.de\/index.php?rest_route=\/wp\/v2\/types\/post"}],"author":[{"embeddable":true,"href":"https:\/\/www.fuldaernachrichten.de\/index.php?rest_route=\/wp\/v2\/users\/1"}],"replies":[{"embeddable":true,"href":"https:\/\/www.fuldaernachrichten.de\/index.php?rest_route=%2Fwp%2Fv2%2Fcomments&post=166697"}],"version-history":[{"count":1,"href":"https:\/\/www.fuldaernachrichten.de\/index.php?rest_route=\/wp\/v2\/posts\/166697\/revisions"}],"predecessor-version":[{"id":166699,"href":"https:\/\/www.fuldaernachrichten.de\/index.php?rest_route=\/wp\/v2\/posts\/166697\/revisions\/166699"}],"wp:featuredmedia":[{"embeddable":true,"href":"https:\/\/www.fuldaernachrichten.de\/index.php?rest_route=\/wp\/v2\/media\/166700"}],"wp:attachment":[{"href":"https:\/\/www.fuldaernachrichten.de\/index.php?rest_route=%2Fwp%2Fv2%2Fmedia&parent=166697"}],"wp:term":[{"taxonomy":"category","embeddable":true,"href":"https:\/\/www.fuldaernachrichten.de\/index.php?rest_route=%2Fwp%2Fv2%2Fcategories&post=166697"},{"taxonomy":"post_tag","embeddable":true,"href":"https:\/\/www.fuldaernachrichten.de\/index.php?rest_route=%2Fwp%2Fv2%2Ftags&post=166697"}],"curies":[{"name":"wp","href":"https:\/\/api.w.org\/{rel}","templated":true}]}}