{"id":166692,"date":"2017-08-24T06:20:33","date_gmt":"2017-08-24T04:20:33","guid":{"rendered":"http:\/\/www.fuldaer-nachrichten.de\/?p=166692"},"modified":"2017-08-24T06:20:33","modified_gmt":"2017-08-24T04:20:33","slug":"bundestagsabgeordneter-michael-brand-lobt-marienschule-fulda-bundesweiter-trendsetter-bei-digitalisierung-chancen-nutzen","status":"publish","type":"post","link":"https:\/\/www.fuldaernachrichten.de\/?p=166692","title":{"rendered":"Bundestagsabgeordneter Michael Brand lobt Marienschule Fulda: \u201eBundesweiter Trendsetter bei Digitalisierung \u2013 Chancen nutzen!\u201c"},"content":{"rendered":"<p>Seit knapp einem Jahr wird an der Marienschule Fulda das neu erarbeitete medienp\u00e4dagogische und mediendidaktische Konzept umgesetzt. Daf\u00fcr hat die Schule bereits eine breite \u00f6ffentliche Aufmerksamkeit erfahren und wurde nicht zuletzt als eine von nur zw\u00f6lf Schulen bundesweit mit dem Pr\u00e4dikat \u201eDigitale Schule\u201c ausgezeichnet. Nun besuchte MdB Michael Brand die Marienschule, um sich ein Bild von den neuen Einrichtungen und konzeptionellen \u00dcberlegungen zu machen.<\/p>\n<p>Michael Brand ist der Einladung des Schulleiters Dr. Oswald Post zu einem Austausch \u00fcber die Ver\u00e4nderungen in der Schule auf dem Weg zur Digitalisierung des Unterrichts gerne gefolgt. \u201eAuch wenn Bildungspolitik im Kern L\u00e4ndersache ist \u2013 und ich selbst \u00fcberzeugt vom F\u00f6deralismus bin \u2013 , ist es richtig, dass der Bund eine digitale Bildungsoffensive startet\u201c, so Brand. Insbesondere im Bereich des digitalen Ausbaus der Schulen sei ja durch den Digitalpakt, den die Bildungsministerin Johanna Wanka im vergangenen Herbst gestartet hat, ein wichtiger Vorsto\u00df des Bundes sichtbar geworden.<br \/>\n\u201eDie Digitalisierung hat immense Chancen f\u00fcr unser Land. Von uns h\u00e4ngt es ab, ob wir daraus das Beste machen oder nur zuschauen, wie andere die Welt ver\u00e4ndern\u201c, so Brand. Dazu z\u00e4hle die erforderliche Ausstattung an allgemeinbildenden wie beruflichen Schulen, die Anbindung aller Schulen und Hochschulen bundesweit an das schnelle Internet, eine neue Bildungs-Cloud. \u201eNeben der notwendigen Hardware, muss der Bund die L\u00e4nder besonders dabei unterst\u00fctzen, durch gute Weiterbildung von ausreichend Lehrerinnen und Lehrer die digitalen Kompetenzen der Sch\u00fclerschaft optimal zu f\u00f6rdern.\u201c<\/p>\n<p>Seinen Besuch an der Marienschule nutzte der Abgeordnete nun dazu, sich \u00fcber die Ausgestaltung des Medienkonzepts zu informieren, um neue Anregungen mit in die Hauptstadt zu nehmen. Die Marienschule legt besonderen Wert darauf, dass die technische Ausstattung nicht Selbstzweck ist. \u201eDie neueste Technik n\u00fctzt nichts, wenn sie nicht durch einen passenden p\u00e4dagogischen und didaktischen Rahmen gest\u00fctzt und sinnvoll in den Unterricht eingebunden wird\u201c, betont Projektleiter Peter Bach. Aus diesem Grunde gibt es neben der neuen technischen Hardware, die die Schule angeschafft hat, um das Bring-your-own-device-Prinzip \u2013 also die Arbeit mit den eigenen digitalen Endger\u00e4ten im Unterricht \u2013 umsetzen zu k\u00f6nnen, zahlreiche p\u00e4dagogische Angebote, die die Medienkompetenz der Sch\u00fclerinnen nachhaltig st\u00e4rken und entwickeln. Dies beginnt bereits in der 6. Klasse mit einem Projekt zum sicheren Umgang mit dem Internet und wird auch in den folgenden Jahrgangsstufen unter anderem durch einen kombinierten PoWi- und Informatikunterricht, durch die Arbeit der Sch\u00fclerinnen als Medienscouts oder durch die Durchf\u00fchrung von digital gest\u00fctzten Pr\u00e4sentationen gefestigt.<\/p>\n<p>Nach einer ersten Gespr\u00e4chsrunde, in der Peter Bach die Besonderheiten an der Marienschule erl\u00e4uterte, wurde Michael Brand durch die Schule gef\u00fchrt, um die technischen Neuerungen im Einsatz erleben zu k\u00f6nnen. Neben einem Besuch der Mediathek wurden auch die naturwissenschaftlichen Fachr\u00e4ume sowie die Klassenzimmer der Marienschule aufgesucht, die alle \u00fcber eine dem p\u00e4dagogischen Zweck angepasste technische Ausstattung verf\u00fcgen. \u201eWir haben uns mehr als zehn Jahre Zeit gelassen, um je nach Unterrichtsvorhaben passende L\u00f6sungen zu finden\u201c, beschreibt Dr. Post den bisherigen Arbeitsprozess. \u201eSchnellsch\u00fcsse, deren Wirkung nach k\u00fcrzester Zeit wieder verpufft, wollten wir uns dabei nicht erlauben. Und die Auszeichnung als Digitale Schule zeigt, dass wir den richtigen Weg eingeschlagen haben.\u201c<\/p>\n<p>Nach dem Rundgang durch die Schule bedankte sich der Abgeordnete f\u00fcr die neuen Einblicke und die bisher geleistete Arbeit an der Schule und machte deutlich, dass er sich auch in Berlin f\u00fcr eine weitergehende Unterst\u00fctzung der Schulen und der Lehrerinnen und Lehrer im Bereich der Digitalisierung des Unterrichts einsetzen wird. \u201eDie Digitalisierung darf nicht an L\u00e4ndergrenzen ausgebremst werden, sie ist nat\u00fcrlich auch eine gro\u00dfe nationale Aufgabe\u201c, so Brand. Die Marienschule sei in vielen Bereichen ein \u201edigitaler Trendsetter\u201c, das unterstreiche die \u201ebesondere Auszeichnung\u201c mit dem Pr\u00e4dikat \u201eDigitale Schule\u201c unter der Schirmherrschaft von Bundeskanzlerin Angela Merkel. Brand dankte den Lehrerinnen und Lehrern f\u00fcr \u201egro\u00dfen und vor allem beharrlichen Einsatz seit Jahren und ihre Bereitschaft gerade beim Thema Digitalisierung auch selbst immer wieder dazuzulernen\u201c. <\/p>\n","protected":false},"excerpt":{"rendered":"<div class=\"tmnf_excerpt\"><p>Seit knapp einem Jahr wird an der Marienschule Fulda das neu erarbeitete medienp\u00e4dagogische und mediendidaktische Konzept umgesetzt. Daf\u00fcr hat die Schule bereits eine breite \u00f6ffentliche Aufmerksamkeit erfahren und wurde nicht zuletzt als eine von nur zw\u00f6lf Schulen bundesweit mit dem Pr\u00e4dikat \u201eDigitale Schule\u201c ausgezeichnet. Nun besuchte MdB Michael Brand die Marienschule, um sich ein Bild &hellip;<\/p>\n<\/div>","protected":false},"author":1,"featured_media":166705,"comment_status":"closed","ping_status":"closed","sticky":false,"template":"","format":"standard","meta":{"footnotes":""},"categories":[1],"tags":[],"class_list":["post-166692","post","type-post","status-publish","format-standard","has-post-thumbnail","hentry","category-startseite"],"_links":{"self":[{"href":"https:\/\/www.fuldaernachrichten.de\/index.php?rest_route=\/wp\/v2\/posts\/166692","targetHints":{"allow":["GET"]}}],"collection":[{"href":"https:\/\/www.fuldaernachrichten.de\/index.php?rest_route=\/wp\/v2\/posts"}],"about":[{"href":"https:\/\/www.fuldaernachrichten.de\/index.php?rest_route=\/wp\/v2\/types\/post"}],"author":[{"embeddable":true,"href":"https:\/\/www.fuldaernachrichten.de\/index.php?rest_route=\/wp\/v2\/users\/1"}],"replies":[{"embeddable":true,"href":"https:\/\/www.fuldaernachrichten.de\/index.php?rest_route=%2Fwp%2Fv2%2Fcomments&post=166692"}],"version-history":[{"count":1,"href":"https:\/\/www.fuldaernachrichten.de\/index.php?rest_route=\/wp\/v2\/posts\/166692\/revisions"}],"predecessor-version":[{"id":166706,"href":"https:\/\/www.fuldaernachrichten.de\/index.php?rest_route=\/wp\/v2\/posts\/166692\/revisions\/166706"}],"wp:featuredmedia":[{"embeddable":true,"href":"https:\/\/www.fuldaernachrichten.de\/index.php?rest_route=\/wp\/v2\/media\/166705"}],"wp:attachment":[{"href":"https:\/\/www.fuldaernachrichten.de\/index.php?rest_route=%2Fwp%2Fv2%2Fmedia&parent=166692"}],"wp:term":[{"taxonomy":"category","embeddable":true,"href":"https:\/\/www.fuldaernachrichten.de\/index.php?rest_route=%2Fwp%2Fv2%2Fcategories&post=166692"},{"taxonomy":"post_tag","embeddable":true,"href":"https:\/\/www.fuldaernachrichten.de\/index.php?rest_route=%2Fwp%2Fv2%2Ftags&post=166692"}],"curies":[{"name":"wp","href":"https:\/\/api.w.org\/{rel}","templated":true}]}}