{"id":166686,"date":"2017-08-24T06:18:55","date_gmt":"2017-08-24T04:18:55","guid":{"rendered":"http:\/\/www.fuldaer-nachrichten.de\/?p=166686"},"modified":"2017-08-24T06:18:55","modified_gmt":"2017-08-24T04:18:55","slug":"info-pointe-in-poppenhausen-erneuert","status":"publish","type":"post","link":"https:\/\/www.fuldaernachrichten.de\/?p=166686","title":{"rendered":"Info-Pointe in Poppenhausen erneuert"},"content":{"rendered":"<p>Im Ortskern von Poppenhausen stehen seit \u00fcber 20 Jahren zwei Info-Anlagen, eine in der Georgstra\u00dfe gg\u00fc. Stammhaus Pappert und eine zweite in der Stra\u00dfe \u201eAm Forsthaus\u201c gg\u00fc. der Abfahrt zum tegut-Markt, um Weg- und Orientierungssuchende zu informieren.<br \/>\nDie Info-Anlagen wurden damals mit einer solidarischen Beteiligung der gewerbetreibenden Betriebe (Produktion, Dienstleistung, Nahversorgung, Gastronomie, Beherbergung etc.) finanziert.<\/p>\n<p>Da es inzwischen mehrere Betriebe nicht mehr gibt, neue hinzugekommen sind, Betriebssitze verlegt oder umbenannt wurden, f\u00fchrte diese Darstellung inzwischen zu Irritationen. Au\u00dferdem kamen durch neue Baugebiete weitere Stra\u00dfen hinzu.<br \/>\n\u201eDiese Umst\u00e4nde waren Anlass dazu, die Info-Points zu aktualisieren\u201c, so B\u00fcrgermeister Manfred Helfrich, der die Neugestaltung veranlasste und sich \u00fcber die attraktive Darstellung freut.<\/p>\n<p>Die linke Tafel ist mit \u201eInfo-Point\u201c \u00fcberschrieben und zeigt die Logos der Gemeinde Poppenhausen (Wasserkuppe), des Landkreises Fulda, des Landes Hessen, der Rh\u00f6n und des Biosph\u00e4renreservates. Die mittlere Tafel ist ein gro\u00dfer aktueller Ortsplan und auf der rechten Tafel ist die Legende mit den Intrastruktureinrichtungen abgedruckt.+++(M.H.)<\/p>\n<p>Foto: Das Foto zeigt (v.r.) die Bauhofmitarbeiter Alexander Okolsdajew und Markus Heller bei der Montage.<\/p>\n","protected":false},"excerpt":{"rendered":"<div class=\"tmnf_excerpt\"><p>Im Ortskern von Poppenhausen stehen seit \u00fcber 20 Jahren zwei Info-Anlagen, eine in der Georgstra\u00dfe gg\u00fc. Stammhaus Pappert und eine zweite in der Stra\u00dfe \u201eAm Forsthaus\u201c gg\u00fc. der Abfahrt zum tegut-Markt, um Weg- und Orientierungssuchende zu informieren. Die Info-Anlagen wurden damals mit einer solidarischen Beteiligung der gewerbetreibenden Betriebe (Produktion, Dienstleistung, Nahversorgung, Gastronomie, Beherbergung etc.) finanziert. &hellip;<\/p>\n<\/div>","protected":false},"author":1,"featured_media":166695,"comment_status":"closed","ping_status":"closed","sticky":false,"template":"","format":"standard","meta":{"footnotes":""},"categories":[1],"tags":[],"class_list":["post-166686","post","type-post","status-publish","format-standard","has-post-thumbnail","hentry","category-startseite"],"_links":{"self":[{"href":"https:\/\/www.fuldaernachrichten.de\/index.php?rest_route=\/wp\/v2\/posts\/166686","targetHints":{"allow":["GET"]}}],"collection":[{"href":"https:\/\/www.fuldaernachrichten.de\/index.php?rest_route=\/wp\/v2\/posts"}],"about":[{"href":"https:\/\/www.fuldaernachrichten.de\/index.php?rest_route=\/wp\/v2\/types\/post"}],"author":[{"embeddable":true,"href":"https:\/\/www.fuldaernachrichten.de\/index.php?rest_route=\/wp\/v2\/users\/1"}],"replies":[{"embeddable":true,"href":"https:\/\/www.fuldaernachrichten.de\/index.php?rest_route=%2Fwp%2Fv2%2Fcomments&post=166686"}],"version-history":[{"count":1,"href":"https:\/\/www.fuldaernachrichten.de\/index.php?rest_route=\/wp\/v2\/posts\/166686\/revisions"}],"predecessor-version":[{"id":166696,"href":"https:\/\/www.fuldaernachrichten.de\/index.php?rest_route=\/wp\/v2\/posts\/166686\/revisions\/166696"}],"wp:featuredmedia":[{"embeddable":true,"href":"https:\/\/www.fuldaernachrichten.de\/index.php?rest_route=\/wp\/v2\/media\/166695"}],"wp:attachment":[{"href":"https:\/\/www.fuldaernachrichten.de\/index.php?rest_route=%2Fwp%2Fv2%2Fmedia&parent=166686"}],"wp:term":[{"taxonomy":"category","embeddable":true,"href":"https:\/\/www.fuldaernachrichten.de\/index.php?rest_route=%2Fwp%2Fv2%2Fcategories&post=166686"},{"taxonomy":"post_tag","embeddable":true,"href":"https:\/\/www.fuldaernachrichten.de\/index.php?rest_route=%2Fwp%2Fv2%2Ftags&post=166686"}],"curies":[{"name":"wp","href":"https:\/\/api.w.org\/{rel}","templated":true}]}}