{"id":166683,"date":"2017-08-24T06:17:49","date_gmt":"2017-08-24T04:17:49","guid":{"rendered":"http:\/\/www.fuldaer-nachrichten.de\/?p=166683"},"modified":"2017-08-24T06:17:49","modified_gmt":"2017-08-24T04:17:49","slug":"kalligrafie-auf-leinwand","status":"publish","type":"post","link":"https:\/\/www.fuldaernachrichten.de\/?p=166683","title":{"rendered":"Kalligrafie auf Leinwand"},"content":{"rendered":"<p>Inhalt eines Wochenendseminars der Volkshochschule des Landkreises f\u00fcr Anf\u00e4nger und Fortgeschrittene ist die Kunst der sch\u00f6nen Schrift auf Leinwand. Die Teilnehmer erhalten vielf\u00e4ltige Gestaltungsideen und Unterst\u00fctzung, wie sie mit dem Material umgehen k\u00f6nnen. Der Workshop beginnt am Freitag, 15. November, um 13.30 Uhr in der Kunststation Kleinsassen. Infos und Anmeldung mit der Kursnummer VP2051410 unter www.vhs-fulda.de oder telefonisch beim B\u00fcrgerservice (0661)6006-1600.<\/p>\n","protected":false},"excerpt":{"rendered":"<div class=\"tmnf_excerpt\"><p>Inhalt eines Wochenendseminars der Volkshochschule des Landkreises f\u00fcr Anf\u00e4nger und Fortgeschrittene ist die Kunst der sch\u00f6nen Schrift auf Leinwand. Die Teilnehmer erhalten vielf\u00e4ltige Gestaltungsideen und Unterst\u00fctzung, wie sie mit dem Material umgehen k\u00f6nnen. Der Workshop beginnt am Freitag, 15. November, um 13.30 Uhr in der Kunststation Kleinsassen. Infos und Anmeldung mit der Kursnummer VP2051410 unter &hellip;<\/p>\n<\/div>","protected":false},"author":1,"featured_media":0,"comment_status":"closed","ping_status":"closed","sticky":false,"template":"","format":"standard","meta":{"footnotes":""},"categories":[1],"tags":[],"class_list":["post-166683","post","type-post","status-publish","format-standard","hentry","category-startseite"],"_links":{"self":[{"href":"https:\/\/www.fuldaernachrichten.de\/index.php?rest_route=\/wp\/v2\/posts\/166683","targetHints":{"allow":["GET"]}}],"collection":[{"href":"https:\/\/www.fuldaernachrichten.de\/index.php?rest_route=\/wp\/v2\/posts"}],"about":[{"href":"https:\/\/www.fuldaernachrichten.de\/index.php?rest_route=\/wp\/v2\/types\/post"}],"author":[{"embeddable":true,"href":"https:\/\/www.fuldaernachrichten.de\/index.php?rest_route=\/wp\/v2\/users\/1"}],"replies":[{"embeddable":true,"href":"https:\/\/www.fuldaernachrichten.de\/index.php?rest_route=%2Fwp%2Fv2%2Fcomments&post=166683"}],"version-history":[{"count":1,"href":"https:\/\/www.fuldaernachrichten.de\/index.php?rest_route=\/wp\/v2\/posts\/166683\/revisions"}],"predecessor-version":[{"id":166691,"href":"https:\/\/www.fuldaernachrichten.de\/index.php?rest_route=\/wp\/v2\/posts\/166683\/revisions\/166691"}],"wp:attachment":[{"href":"https:\/\/www.fuldaernachrichten.de\/index.php?rest_route=%2Fwp%2Fv2%2Fmedia&parent=166683"}],"wp:term":[{"taxonomy":"category","embeddable":true,"href":"https:\/\/www.fuldaernachrichten.de\/index.php?rest_route=%2Fwp%2Fv2%2Fcategories&post=166683"},{"taxonomy":"post_tag","embeddable":true,"href":"https:\/\/www.fuldaernachrichten.de\/index.php?rest_route=%2Fwp%2Fv2%2Ftags&post=166683"}],"curies":[{"name":"wp","href":"https:\/\/api.w.org\/{rel}","templated":true}]}}