{"id":166679,"date":"2017-08-24T06:17:05","date_gmt":"2017-08-24T04:17:05","guid":{"rendered":"http:\/\/www.fuldaer-nachrichten.de\/?p=166679"},"modified":"2017-08-24T06:17:05","modified_gmt":"2017-08-24T04:17:05","slug":"politisches-speed-dating-fuer-junge-waehler-bdkj-veranstaltet-speed%e2%80%90dating-mit-bundestagskandidaten","status":"publish","type":"post","link":"https:\/\/www.fuldaernachrichten.de\/?p=166679","title":{"rendered":"Politisches Speed-Dating f\u00fcr junge W\u00e4hler &#8211; BDKJ veranstaltet Speed\u00e2\u20ac\u0090Dating mit Bundestagskandidaten"},"content":{"rendered":"<p>Ein politisches Speed-Dating findet am Sonntag, 27. August, um 17 Uhr im Gemeindezentrum St. Peter in Gelnhausen statt. Im Zuge der im September stattfindenden Bundestagswahlen besch\u00e4ftigt sich der Bund der Deutschen Katholischen Jugend (BDKJ) im Bistum Fulda intensiv mit den jeweiligen Parteiprogrammen, um entsprechende Forderungen f\u00fcr Kinder und Jugendlichen daraus abzuleiten. <\/p>\n<p>\u201eNeben einer Wahlumfrage f\u00fcr Kinder und Jugendliche an Schulen, m\u00f6chten wir auch jungen W\u00e4hlerinnen und W\u00e4hlern die M\u00f6glichkeit geben, sich vor der Bundestagswahl weitreichend \u00fcber die Kandidaten und ihre Parteiprogramme zu informieren\u201c, erkl\u00e4rt Patrick Berg, Di\u00f6zesangesch\u00e4ftsf\u00fchrer des BDKJ. Um jungen W\u00e4hlern dies zu erm\u00f6glichen, hat der BDKJ die Spitzenkandidaten aus dem Wahlkreis 175 (Main-Kinzig, Wetterau II und Schotten) zu einem politischen Speed-Dating eingeladen. \u201eWir m\u00f6chten den jungen W\u00e4hlern bis 28 Jahren die Chance geben, ihre Fragen an die Kandidaten in kleinen Gruppen zu stellen, um m\u00f6gliche Hemmschwellen abzubauen und die Themen zu diskutieren, die f\u00fcr sie selbst wichtig sind\u201c, so Alexander Fingerhut Di\u00f6zesanvorstand. \u201eDas Format ist aber nicht nur f\u00fcr Junge Menschen spannend, auch die Kandidaten aus dem Wahlkreis freuten sich \u00fcber die Anfrage, sodass wir uns auf spannende Diskussionen mit u.a. Dr. Peter Tauber (CDU), Matthias Zach (B\u00fcndnis 90\/Die Gr\u00fcnen) und Dirk Methfessel (Die Linke) freuen k\u00f6nnen\u201c, freut sich Berg. Bettina M\u00fcller (SPD) und Pierre Kurth (FDP) sind leider verhindert, es wird aber h\u00f6chstwahrscheinlich eine andere Person aus diesen Fraktionen anwesend sein. <\/p>\n","protected":false},"excerpt":{"rendered":"<div class=\"tmnf_excerpt\"><p>Ein politisches Speed-Dating findet am Sonntag, 27. August, um 17 Uhr im Gemeindezentrum St. Peter in Gelnhausen statt. Im Zuge der im September stattfindenden Bundestagswahlen besch\u00e4ftigt sich der Bund der Deutschen Katholischen Jugend (BDKJ) im Bistum Fulda intensiv mit den jeweiligen Parteiprogrammen, um entsprechende Forderungen f\u00fcr Kinder und Jugendlichen daraus abzuleiten. \u201eNeben einer Wahlumfrage f\u00fcr &hellip;<\/p>\n<\/div>","protected":false},"author":1,"featured_media":166687,"comment_status":"closed","ping_status":"closed","sticky":false,"template":"","format":"standard","meta":{"footnotes":""},"categories":[1],"tags":[],"class_list":["post-166679","post","type-post","status-publish","format-standard","has-post-thumbnail","hentry","category-startseite"],"_links":{"self":[{"href":"https:\/\/www.fuldaernachrichten.de\/index.php?rest_route=\/wp\/v2\/posts\/166679","targetHints":{"allow":["GET"]}}],"collection":[{"href":"https:\/\/www.fuldaernachrichten.de\/index.php?rest_route=\/wp\/v2\/posts"}],"about":[{"href":"https:\/\/www.fuldaernachrichten.de\/index.php?rest_route=\/wp\/v2\/types\/post"}],"author":[{"embeddable":true,"href":"https:\/\/www.fuldaernachrichten.de\/index.php?rest_route=\/wp\/v2\/users\/1"}],"replies":[{"embeddable":true,"href":"https:\/\/www.fuldaernachrichten.de\/index.php?rest_route=%2Fwp%2Fv2%2Fcomments&post=166679"}],"version-history":[{"count":1,"href":"https:\/\/www.fuldaernachrichten.de\/index.php?rest_route=\/wp\/v2\/posts\/166679\/revisions"}],"predecessor-version":[{"id":166688,"href":"https:\/\/www.fuldaernachrichten.de\/index.php?rest_route=\/wp\/v2\/posts\/166679\/revisions\/166688"}],"wp:featuredmedia":[{"embeddable":true,"href":"https:\/\/www.fuldaernachrichten.de\/index.php?rest_route=\/wp\/v2\/media\/166687"}],"wp:attachment":[{"href":"https:\/\/www.fuldaernachrichten.de\/index.php?rest_route=%2Fwp%2Fv2%2Fmedia&parent=166679"}],"wp:term":[{"taxonomy":"category","embeddable":true,"href":"https:\/\/www.fuldaernachrichten.de\/index.php?rest_route=%2Fwp%2Fv2%2Fcategories&post=166679"},{"taxonomy":"post_tag","embeddable":true,"href":"https:\/\/www.fuldaernachrichten.de\/index.php?rest_route=%2Fwp%2Fv2%2Ftags&post=166679"}],"curies":[{"name":"wp","href":"https:\/\/api.w.org\/{rel}","templated":true}]}}