{"id":166667,"date":"2017-08-24T06:14:57","date_gmt":"2017-08-24T04:14:57","guid":{"rendered":"http:\/\/www.fuldaer-nachrichten.de\/?p=166667"},"modified":"2017-08-24T06:14:57","modified_gmt":"2017-08-24T04:14:57","slug":"18-neue-und-18-bewaehrte-malteser-schulsanitaeter","status":"publish","type":"post","link":"https:\/\/www.fuldaernachrichten.de\/?p=166667","title":{"rendered":"18 neue und 18 bew\u00e4hrte Malteser-Schulsanit\u00e4ter"},"content":{"rendered":"<p>\u201eDie n\u00e4chste Runde \u00e2\u20ac\u00a6\u201c, so lautete das Motto des Schuljahreser\u00f6ffnungsgottesdienstes des Freiherr-vom-Stein Gymnasiums  in der St. Elisabeth-Kirche. Das Motto gilt nicht nur f\u00fcr das neue Schuljahr, sondern auch f\u00fcr den Schulsanit\u00e4tsdienst.  Die Malteser Di\u00f6zesanreferentin\u00c2\u00a0f\u00fcr den Schulsanit\u00e4tsdienst, Brigitta\u00c2\u00a0 Br\u00e4hler-Fischer, konnte im Rahmen des Gottesdienstes 18 Jugendliche neu in das Ehrenamt berufen. Somit verf\u00fcgt das Gymnasium jetzt \u00fcber 36 einsatzf\u00e4hige Schulsanit\u00e4ter. Den \u00f6kumenischen Gottesdienst leiteten Pfarrerin Friederike Quapp, Klinik- und Kurseelsorgerin aus Bad Hersfeld, und Di\u00f6zesanjugendpfarrer Alexander Best. Der Pr\u00e4sident des Malteser Hilfsdienstes, Dr. Constantin von Brandenstein-Zeppelin, \u00fcberreichte im Anschluss die Ernennungsurkunden. \u00dcber die \u201estarke Truppe\u201c freuten sich Schulleiter Dr. Ulf Br\u00fcdigam und der den Schulsanit\u00e4tsdienst betreuende Lehrer Christoph Hartmann. Bei der Ausbildung hatte auch die Malteser-Einsatzsanit\u00e4terin und ehemalige Stein-Sch\u00fclerin Pauline Oestreich mitgewirkt, der Brigitta Br\u00e4hler-Fischer ebenso dankte wie  der VR Genossenschaftsbank Fulda eG, die die Ausbildung der Schulsanit\u00e4ter sponsert. <\/p>\n<p>Foto: (von links)Malteser-Schulsanit\u00e4ts-Di\u00f6zesanreferentin Brigitta Br\u00e4hler-Fischer, Lehrer  Christoph Hartmann, Einsatzsanit\u00e4terin Pauline Oestreich, mitte: Dr. Constantin von Brandenstein-Zeppelin, rechts Schulleiter Dr. Ulf Br\u00fcdigam. <\/p>\n","protected":false},"excerpt":{"rendered":"<div class=\"tmnf_excerpt\"><p>\u201eDie n\u00e4chste Runde \u00e2\u20ac\u00a6\u201c, so lautete das Motto des Schuljahreser\u00f6ffnungsgottesdienstes des Freiherr-vom-Stein Gymnasiums in der St. Elisabeth-Kirche. Das Motto gilt nicht nur f\u00fcr das neue Schuljahr, sondern auch f\u00fcr den Schulsanit\u00e4tsdienst. Die Malteser Di\u00f6zesanreferentin\u00c2\u00a0f\u00fcr den Schulsanit\u00e4tsdienst, Brigitta\u00c2\u00a0 Br\u00e4hler-Fischer, konnte im Rahmen des Gottesdienstes 18 Jugendliche neu in das Ehrenamt berufen. Somit verf\u00fcgt das Gymnasium jetzt &hellip;<\/p>\n<\/div>","protected":false},"author":1,"featured_media":166675,"comment_status":"closed","ping_status":"closed","sticky":false,"template":"","format":"standard","meta":{"footnotes":""},"categories":[1],"tags":[],"class_list":["post-166667","post","type-post","status-publish","format-standard","has-post-thumbnail","hentry","category-startseite"],"_links":{"self":[{"href":"https:\/\/www.fuldaernachrichten.de\/index.php?rest_route=\/wp\/v2\/posts\/166667","targetHints":{"allow":["GET"]}}],"collection":[{"href":"https:\/\/www.fuldaernachrichten.de\/index.php?rest_route=\/wp\/v2\/posts"}],"about":[{"href":"https:\/\/www.fuldaernachrichten.de\/index.php?rest_route=\/wp\/v2\/types\/post"}],"author":[{"embeddable":true,"href":"https:\/\/www.fuldaernachrichten.de\/index.php?rest_route=\/wp\/v2\/users\/1"}],"replies":[{"embeddable":true,"href":"https:\/\/www.fuldaernachrichten.de\/index.php?rest_route=%2Fwp%2Fv2%2Fcomments&post=166667"}],"version-history":[{"count":1,"href":"https:\/\/www.fuldaernachrichten.de\/index.php?rest_route=\/wp\/v2\/posts\/166667\/revisions"}],"predecessor-version":[{"id":166676,"href":"https:\/\/www.fuldaernachrichten.de\/index.php?rest_route=\/wp\/v2\/posts\/166667\/revisions\/166676"}],"wp:featuredmedia":[{"embeddable":true,"href":"https:\/\/www.fuldaernachrichten.de\/index.php?rest_route=\/wp\/v2\/media\/166675"}],"wp:attachment":[{"href":"https:\/\/www.fuldaernachrichten.de\/index.php?rest_route=%2Fwp%2Fv2%2Fmedia&parent=166667"}],"wp:term":[{"taxonomy":"category","embeddable":true,"href":"https:\/\/www.fuldaernachrichten.de\/index.php?rest_route=%2Fwp%2Fv2%2Fcategories&post=166667"},{"taxonomy":"post_tag","embeddable":true,"href":"https:\/\/www.fuldaernachrichten.de\/index.php?rest_route=%2Fwp%2Fv2%2Ftags&post=166667"}],"curies":[{"name":"wp","href":"https:\/\/api.w.org\/{rel}","templated":true}]}}