{"id":166662,"date":"2017-08-24T06:12:47","date_gmt":"2017-08-24T04:12:47","guid":{"rendered":"http:\/\/www.fuldaer-nachrichten.de\/?p=166662"},"modified":"2017-08-24T06:12:47","modified_gmt":"2017-08-24T04:12:47","slug":"60-jahre-freibad-bieberstein","status":"publish","type":"post","link":"https:\/\/www.fuldaernachrichten.de\/?p=166662","title":{"rendered":"60 Jahre Freibad Bieberstein"},"content":{"rendered":"<p>Das Schwimmbadfest am Samstag, 19.08.2017 war ein voller Erfolg. Nach den Gru\u00dfworten von Klaudia Wilke (1. Vorsitzende F\u00f6rderverein Freibad Bieberstein e.V.) und B\u00fcrgermeister Markus R\u00f6der konnte das Fest beginnen. Bei freiem Eintritt machten zahlreiche Besucher von den reichhaltigen Angeboten gebrauch. Eines der zahlreichen Highlights waren die Wasserwalkingb\u00e4lle, die st\u00e4ndig von Kindern und Jugendlichen genutzt wurden. Des Weiteren konnten sich die Kinder in der Bungee-Soccer-H\u00fcpfburg, mit den Spielen vom Spielewagen des Rh\u00f6nklubs und im Wasser austoben. Das Kommunale Netzwerk Humandienste Hofbieber (KNHH) hat mit einem Infostand und einem Luftballonwettbewerb mit attraktiven Preisen teilgenommen. Die Fuldaer Zeitung war mit einem Info-Point mit Gl\u00fccksrad vertreten. Bei Kaffee und Kuchen und am Freibadkiosk konnte sich entsprechend gest\u00e4rkt werden. H\u00f6hepunkte des Tages waren die Rettungs\u00fcbung der DLRG-Ortsgruppe Petersberg-Biebertal und der Arschbombenwettbewerb. Johannes Rothmund (Vorsitzener der Gemeindevertretung Hofbieber und Beisitzer des F\u00f6rdervereins Freibad Bieberstein e.V.) f\u00fchrte durch das Programm und kommentierte die Wettbewerbe. Die DLRG-Ortsgruppe veranschaulichte eindrucksvoll die Rettung eines Ertrinkenden mit Wiederbelebung. Beim legend\u00e4ren Arschbomben-wettbewerb blieb es bis zum Schluss spannend. Schlie\u00dflich setzte sich unter den kritischen Augen der Jury, die aus Bademeister a.D. Helmut Kraus, dem 1. Kreisbeigeordneten Frederik Schmitt und Organisator Thomas Kammandel bestand, Luca Kammel aus Langenbieber durch und gewann mit dem 1. Platz eine Dauerkarte f\u00fcr die Badesaison 2018. Der 2. Platz ging an Jannik Bill (Zehnerkarte f\u00fcr die kommende Badesaison), der 3. Platz an Julian von Keitz (\u00dcberraschungspaket der Gemeinde Hofbieber) und der Ehrenpreis an Manuel Kl\u00fcber, alle aus Langenbieber. Bei der anschlie\u00dfenden Siegerehrung durch Landrat Bernd Woide und B\u00fcrgermeister Markus R\u00f6der, erhielten die Gewinner ihre Urkunden und die dazugeh\u00f6rigen Preise. Die Veranstaltung wurde mit der Jubil\u00e4umsdisco f\u00fcr Jung und Alt mit DJ-Erwin abgerundet. Die an diesem Tag erzielten Spendenerl\u00f6se durch Kaffee- und Kuchenausgabeund der Spendenbox im Eingangsbereich kommen dem Freibad zu Gute. Vielen Dank an alle Spender. <\/p>\n<p>Ein herzliches Dankesch\u00f6n an alle Helfer u. Helferinnen, an Alle die einen Kuchen gebacken und gespendet haben, an die Mitglieder und den gesamten Vorstand des F\u00f6rdervereins Freibad Bieberstein e.V., an unsere Bademeister, an alle teilnehmenden Personen und Institutionen sowie an die Firmen Neukauf-Fleck, Rh\u00f6n-K\u00e4lte und Domh\u00f6fer-Elektrotechnik f\u00fcr die Bereitstellung des Equipments.<\/p>\n","protected":false},"excerpt":{"rendered":"<div class=\"tmnf_excerpt\"><p>Das Schwimmbadfest am Samstag, 19.08.2017 war ein voller Erfolg. Nach den Gru\u00dfworten von Klaudia Wilke (1. Vorsitzende F\u00f6rderverein Freibad Bieberstein e.V.) und B\u00fcrgermeister Markus R\u00f6der konnte das Fest beginnen. Bei freiem Eintritt machten zahlreiche Besucher von den reichhaltigen Angeboten gebrauch. Eines der zahlreichen Highlights waren die Wasserwalkingb\u00e4lle, die st\u00e4ndig von Kindern und Jugendlichen genutzt wurden. &hellip;<\/p>\n<\/div>","protected":false},"author":1,"featured_media":0,"comment_status":"closed","ping_status":"closed","sticky":false,"template":"","format":"standard","meta":{"footnotes":""},"categories":[1],"tags":[],"class_list":["post-166662","post","type-post","status-publish","format-standard","hentry","category-startseite"],"_links":{"self":[{"href":"https:\/\/www.fuldaernachrichten.de\/index.php?rest_route=\/wp\/v2\/posts\/166662","targetHints":{"allow":["GET"]}}],"collection":[{"href":"https:\/\/www.fuldaernachrichten.de\/index.php?rest_route=\/wp\/v2\/posts"}],"about":[{"href":"https:\/\/www.fuldaernachrichten.de\/index.php?rest_route=\/wp\/v2\/types\/post"}],"author":[{"embeddable":true,"href":"https:\/\/www.fuldaernachrichten.de\/index.php?rest_route=\/wp\/v2\/users\/1"}],"replies":[{"embeddable":true,"href":"https:\/\/www.fuldaernachrichten.de\/index.php?rest_route=%2Fwp%2Fv2%2Fcomments&post=166662"}],"version-history":[{"count":1,"href":"https:\/\/www.fuldaernachrichten.de\/index.php?rest_route=\/wp\/v2\/posts\/166662\/revisions"}],"predecessor-version":[{"id":166663,"href":"https:\/\/www.fuldaernachrichten.de\/index.php?rest_route=\/wp\/v2\/posts\/166662\/revisions\/166663"}],"wp:attachment":[{"href":"https:\/\/www.fuldaernachrichten.de\/index.php?rest_route=%2Fwp%2Fv2%2Fmedia&parent=166662"}],"wp:term":[{"taxonomy":"category","embeddable":true,"href":"https:\/\/www.fuldaernachrichten.de\/index.php?rest_route=%2Fwp%2Fv2%2Fcategories&post=166662"},{"taxonomy":"post_tag","embeddable":true,"href":"https:\/\/www.fuldaernachrichten.de\/index.php?rest_route=%2Fwp%2Fv2%2Ftags&post=166662"}],"curies":[{"name":"wp","href":"https:\/\/api.w.org\/{rel}","templated":true}]}}