{"id":166654,"date":"2017-08-24T06:11:04","date_gmt":"2017-08-24T04:11:04","guid":{"rendered":"http:\/\/www.fuldaer-nachrichten.de\/?p=166654"},"modified":"2017-08-24T06:11:04","modified_gmt":"2017-08-24T04:11:04","slug":"orgelmatinee-mit-suzanne-zgraggen-am-2-september-um-12-05-uhr-im-fuldaer-dom","status":"publish","type":"post","link":"https:\/\/www.fuldaernachrichten.de\/?p=166654","title":{"rendered":"Orgelmatinee mit Suzanne Z&#8217;Graggen am 2. September um 12.05 Uhr im Fuldaer Dom"},"content":{"rendered":"<p>Der Herbstzyklus der Orgelmatineen im Fuldaer Dom, jeweils samstags 12.05 bis 12.35 Uhr, wird am Samstag, 2. September, von der jungen Schweizer Professorin Suzanne Z\u00e2\u20ac\u2122Graggen er\u00f6ffnet. Sie pr\u00e4sentiert bei ihrem ersten Besuch in Fulda Orgelmusik aus dem \u201eNorden\u201c, selten geh\u00f6rte Werke, in diesem Fall von Niels Wilhelm Gade und Oskar Lindberg, von letzterem drei S\u00e4tze aus der Sonate in g-Moll. Das Finale des Werks von Lindberg hat einen st\u00fcrmischen Charakter und macht auf einer Orgel wie im Fuldaer Dom unbedingt Furore. Suzanne Z\u00e2\u20ac\u2122Graggen lehrt an der Hochschule f\u00fcr Musik in Luzern und ist dort auch Leiterin der Abteilung Kirchenmusik und Orgel. Daneben ist sie verantwortlich f\u00fcr die Kirchenmusik an der Jesuitenkirche Luzern.<\/p>\n","protected":false},"excerpt":{"rendered":"<div class=\"tmnf_excerpt\"><p>Der Herbstzyklus der Orgelmatineen im Fuldaer Dom, jeweils samstags 12.05 bis 12.35 Uhr, wird am Samstag, 2. September, von der jungen Schweizer Professorin Suzanne Z\u00e2\u20ac\u2122Graggen er\u00f6ffnet. Sie pr\u00e4sentiert bei ihrem ersten Besuch in Fulda Orgelmusik aus dem \u201eNorden\u201c, selten geh\u00f6rte Werke, in diesem Fall von Niels Wilhelm Gade und Oskar Lindberg, von letzterem drei S\u00e4tze &hellip;<\/p>\n<\/div>","protected":false},"author":1,"featured_media":166655,"comment_status":"closed","ping_status":"closed","sticky":false,"template":"","format":"standard","meta":{"footnotes":""},"categories":[1],"tags":[],"class_list":["post-166654","post","type-post","status-publish","format-standard","has-post-thumbnail","hentry","category-startseite"],"_links":{"self":[{"href":"https:\/\/www.fuldaernachrichten.de\/index.php?rest_route=\/wp\/v2\/posts\/166654","targetHints":{"allow":["GET"]}}],"collection":[{"href":"https:\/\/www.fuldaernachrichten.de\/index.php?rest_route=\/wp\/v2\/posts"}],"about":[{"href":"https:\/\/www.fuldaernachrichten.de\/index.php?rest_route=\/wp\/v2\/types\/post"}],"author":[{"embeddable":true,"href":"https:\/\/www.fuldaernachrichten.de\/index.php?rest_route=\/wp\/v2\/users\/1"}],"replies":[{"embeddable":true,"href":"https:\/\/www.fuldaernachrichten.de\/index.php?rest_route=%2Fwp%2Fv2%2Fcomments&post=166654"}],"version-history":[{"count":1,"href":"https:\/\/www.fuldaernachrichten.de\/index.php?rest_route=\/wp\/v2\/posts\/166654\/revisions"}],"predecessor-version":[{"id":166656,"href":"https:\/\/www.fuldaernachrichten.de\/index.php?rest_route=\/wp\/v2\/posts\/166654\/revisions\/166656"}],"wp:featuredmedia":[{"embeddable":true,"href":"https:\/\/www.fuldaernachrichten.de\/index.php?rest_route=\/wp\/v2\/media\/166655"}],"wp:attachment":[{"href":"https:\/\/www.fuldaernachrichten.de\/index.php?rest_route=%2Fwp%2Fv2%2Fmedia&parent=166654"}],"wp:term":[{"taxonomy":"category","embeddable":true,"href":"https:\/\/www.fuldaernachrichten.de\/index.php?rest_route=%2Fwp%2Fv2%2Fcategories&post=166654"},{"taxonomy":"post_tag","embeddable":true,"href":"https:\/\/www.fuldaernachrichten.de\/index.php?rest_route=%2Fwp%2Fv2%2Ftags&post=166654"}],"curies":[{"name":"wp","href":"https:\/\/api.w.org\/{rel}","templated":true}]}}