{"id":166653,"date":"2017-08-24T06:13:09","date_gmt":"2017-08-24T04:13:09","guid":{"rendered":"http:\/\/www.fuldaer-nachrichten.de\/?p=166653"},"modified":"2017-08-24T06:13:09","modified_gmt":"2017-08-24T04:13:09","slug":"diskussionsveranstaltung-mit-wolfgang-schaeuble-komplett-ausgebucht-live-uebertragung-donnerstag-17-uhr-auf-www-facebook-commenschbrand","status":"publish","type":"post","link":"https:\/\/www.fuldaernachrichten.de\/?p=166653","title":{"rendered":"Diskussionsveranstaltung mit Wolfgang Sch\u00e4uble \u201ekomplett ausgebucht\u201c Live-\u00dcbertragung, Donnerstag, 17 Uhr auf www.facebook.com\/menschbrand"},"content":{"rendered":"<p>Wie der heimische Bundestagsabgeordnete Michael Brand mitteilt, sind f\u00fcr die Diskussionsveranstaltung mit Bundesfinanzminister Wolfgang Sch\u00e4uble am kommenden Donnerstag die r\u00e4umlichen Kapazit\u00e4ten in der Aula der Sparkasse Lauterbach \u201ekomplett ersch\u00f6pft\u201c.<\/p>\n<p>\u201eDie Resonanz ist riesig, die Pl\u00e4tze sind inzwischen alle vergeben\u201c, so Brand. \u201eWir m\u00fcssen heute leider die Rei\u00dfleine ziehen und ich bitte um Verst\u00e4ndnis, dass aufgrund der gro\u00dfen Anmeldezahl nicht angemeldete Besucher auf die n\u00e4chste Veranstaltung dieser Art warten m\u00fcssen. Wer am Donnerstag nicht vor Ort dabei sein kann, hat die M\u00f6glichkeit auf \u201eFacebook live\u201c die Veranstaltung mitzuverfolgen. Um 17 Uhr startet die \u00dcbertragung auf www.facebook.com\/menschbrand.\u201c<\/p>\n","protected":false},"excerpt":{"rendered":"<div class=\"tmnf_excerpt\"><p>Wie der heimische Bundestagsabgeordnete Michael Brand mitteilt, sind f\u00fcr die Diskussionsveranstaltung mit Bundesfinanzminister Wolfgang Sch\u00e4uble am kommenden Donnerstag die r\u00e4umlichen Kapazit\u00e4ten in der Aula der Sparkasse Lauterbach \u201ekomplett ersch\u00f6pft\u201c. \u201eDie Resonanz ist riesig, die Pl\u00e4tze sind inzwischen alle vergeben\u201c, so Brand. \u201eWir m\u00fcssen heute leider die Rei\u00dfleine ziehen und ich bitte um Verst\u00e4ndnis, dass aufgrund &hellip;<\/p>\n<\/div>","protected":false},"author":1,"featured_media":0,"comment_status":"closed","ping_status":"closed","sticky":false,"template":"","format":"standard","meta":{"footnotes":""},"categories":[1],"tags":[],"class_list":["post-166653","post","type-post","status-publish","format-standard","hentry","category-startseite"],"_links":{"self":[{"href":"https:\/\/www.fuldaernachrichten.de\/index.php?rest_route=\/wp\/v2\/posts\/166653","targetHints":{"allow":["GET"]}}],"collection":[{"href":"https:\/\/www.fuldaernachrichten.de\/index.php?rest_route=\/wp\/v2\/posts"}],"about":[{"href":"https:\/\/www.fuldaernachrichten.de\/index.php?rest_route=\/wp\/v2\/types\/post"}],"author":[{"embeddable":true,"href":"https:\/\/www.fuldaernachrichten.de\/index.php?rest_route=\/wp\/v2\/users\/1"}],"replies":[{"embeddable":true,"href":"https:\/\/www.fuldaernachrichten.de\/index.php?rest_route=%2Fwp%2Fv2%2Fcomments&post=166653"}],"version-history":[{"count":1,"href":"https:\/\/www.fuldaernachrichten.de\/index.php?rest_route=\/wp\/v2\/posts\/166653\/revisions"}],"predecessor-version":[{"id":166665,"href":"https:\/\/www.fuldaernachrichten.de\/index.php?rest_route=\/wp\/v2\/posts\/166653\/revisions\/166665"}],"wp:attachment":[{"href":"https:\/\/www.fuldaernachrichten.de\/index.php?rest_route=%2Fwp%2Fv2%2Fmedia&parent=166653"}],"wp:term":[{"taxonomy":"category","embeddable":true,"href":"https:\/\/www.fuldaernachrichten.de\/index.php?rest_route=%2Fwp%2Fv2%2Fcategories&post=166653"},{"taxonomy":"post_tag","embeddable":true,"href":"https:\/\/www.fuldaernachrichten.de\/index.php?rest_route=%2Fwp%2Fv2%2Ftags&post=166653"}],"curies":[{"name":"wp","href":"https:\/\/api.w.org\/{rel}","templated":true}]}}