{"id":166651,"date":"2017-08-24T06:11:44","date_gmt":"2017-08-24T04:11:44","guid":{"rendered":"http:\/\/www.fuldaer-nachrichten.de\/?p=166651"},"modified":"2017-08-24T06:11:44","modified_gmt":"2017-08-24T04:11:44","slug":"workshop-rettet-die-nacht-auf-der-wasserkuppe-geht-in-runde-zwei","status":"publish","type":"post","link":"https:\/\/www.fuldaernachrichten.de\/?p=166651","title":{"rendered":"Workshop \u201eRettet die Nacht\u201c auf der Wasserkuppe geht in Runde zwei"},"content":{"rendered":"<p>Alle lieben einen funkelnden Himmel mit vielen Sternen, Sternschnuppen und einem gro\u00dfen Mond. In der Rh\u00f6n hat man sogar zum Schutz von nat\u00fcrlichen N\u00e4chten einen Sternenpark eingerichtet. Aber was genau ist eine nat\u00fcrliche Nacht? Und was k\u00f6nnen wir tun, um Sonne, Mond und Sterne zu retten? All das erfahren Kinder im Alter von acht bis 12 Jahren beim Workshop \u201eRettet die Nacht\u201c, der vom 9.-10. Oktober (Herbstferien) bereits zum zweiten Mal auf Hessens h\u00f6chstem Berg, der Wasserkuppe, stattfindet.<\/p>\n<p>\u201eWenn Ihr Lust habt, in den Herbstferien tiefe Blicke in den Sternenhimmel und in die Nacht zu werfen und zu lernen, was man f\u00fcr den Schutz der Tiere der Nacht tun kann, dann seid Ihr bei diesem Workshop genau richtig\u201c, erkl\u00e4rt Sabine Frank vom Sternenpark Rh\u00f6n. Der Sternenpark Rh\u00f6n veranstaltet zusammen mit der Deutschen Jugend in Europa (djo), Landesverband Hessen e.V. und dem Verein Sternenpark Rh\u00f6n e. V.,  den zweit\u00e4tigen Workshop f\u00fcr Kinder auf der Wasserkuppe. Unterst\u00fctzt werden die Organisatoren au\u00dferdem vom Biosph\u00e4renreservat Rh\u00f6n, in dessen R\u00e4umlichkeiten das Programm stattfindet. \u00dcbernachtet wird in der angeschlossenen Jugendbildungsst\u00e4tte Wasserkuppe.<\/p>\n<p>Das Highlight des Workshops ist eine gro\u00dfe Abendwanderung, bei der unter anderem spannende Geschichten \u00fcber unser Sonnensystem erz\u00e4hlt werden. Stationslauf, Lampensafari und das Beobachten der hereinbrechenden Nacht runden beim zweit\u00e4gigen Workshop \u00fcber das Licht, die nat\u00fcrliche Nacht und die Vermeidung von Lichtverschmutzung das Programm ab.<br \/>\nDer Teilnehmerbeitrag betr\u00e4gt 35\u00e2\u201a\u00ac pro Kind. Im Preis enthalten sind \u00dcbernachtung, Verpflegung, Betreuung und Programm. Anmeldungen sind \u00fcber die Homepage des djo-Landesverbandes unter www.djohessen.de\/veranstaltungen oder per Mail an sebastian.sauer@djohessen.de m\u00f6glich. Bei jeder Anmeldung bitte den Vor- und Zunamen, die vollst\u00e4ndige Anschrift, das Geburtsdatum sowie eine Telefonnummer f\u00fcr etwaige R\u00fcckfragen angeben.<\/p>\n","protected":false},"excerpt":{"rendered":"<div class=\"tmnf_excerpt\"><p>Alle lieben einen funkelnden Himmel mit vielen Sternen, Sternschnuppen und einem gro\u00dfen Mond. In der Rh\u00f6n hat man sogar zum Schutz von nat\u00fcrlichen N\u00e4chten einen Sternenpark eingerichtet. Aber was genau ist eine nat\u00fcrliche Nacht? Und was k\u00f6nnen wir tun, um Sonne, Mond und Sterne zu retten? All das erfahren Kinder im Alter von acht bis &hellip;<\/p>\n<\/div>","protected":false},"author":1,"featured_media":0,"comment_status":"closed","ping_status":"closed","sticky":false,"template":"","format":"standard","meta":{"footnotes":""},"categories":[1],"tags":[],"class_list":["post-166651","post","type-post","status-publish","format-standard","hentry","category-startseite"],"_links":{"self":[{"href":"https:\/\/www.fuldaernachrichten.de\/index.php?rest_route=\/wp\/v2\/posts\/166651","targetHints":{"allow":["GET"]}}],"collection":[{"href":"https:\/\/www.fuldaernachrichten.de\/index.php?rest_route=\/wp\/v2\/posts"}],"about":[{"href":"https:\/\/www.fuldaernachrichten.de\/index.php?rest_route=\/wp\/v2\/types\/post"}],"author":[{"embeddable":true,"href":"https:\/\/www.fuldaernachrichten.de\/index.php?rest_route=\/wp\/v2\/users\/1"}],"replies":[{"embeddable":true,"href":"https:\/\/www.fuldaernachrichten.de\/index.php?rest_route=%2Fwp%2Fv2%2Fcomments&post=166651"}],"version-history":[{"count":1,"href":"https:\/\/www.fuldaernachrichten.de\/index.php?rest_route=\/wp\/v2\/posts\/166651\/revisions"}],"predecessor-version":[{"id":166659,"href":"https:\/\/www.fuldaernachrichten.de\/index.php?rest_route=\/wp\/v2\/posts\/166651\/revisions\/166659"}],"wp:attachment":[{"href":"https:\/\/www.fuldaernachrichten.de\/index.php?rest_route=%2Fwp%2Fv2%2Fmedia&parent=166651"}],"wp:term":[{"taxonomy":"category","embeddable":true,"href":"https:\/\/www.fuldaernachrichten.de\/index.php?rest_route=%2Fwp%2Fv2%2Fcategories&post=166651"},{"taxonomy":"post_tag","embeddable":true,"href":"https:\/\/www.fuldaernachrichten.de\/index.php?rest_route=%2Fwp%2Fv2%2Ftags&post=166651"}],"curies":[{"name":"wp","href":"https:\/\/api.w.org\/{rel}","templated":true}]}}