{"id":166643,"date":"2017-08-21T20:50:16","date_gmt":"2017-08-21T18:50:16","guid":{"rendered":"http:\/\/www.fuldaer-nachrichten.de\/?p=166643"},"modified":"2017-08-21T20:50:16","modified_gmt":"2017-08-21T18:50:16","slug":"integratives-festwochenende-zum-20-jaehrigen-jubilaeum","status":"publish","type":"post","link":"https:\/\/www.fuldaernachrichten.de\/?p=166643","title":{"rendered":"Integratives Festwochenende zum 20-j\u00e4hrigen Jubil\u00e4um"},"content":{"rendered":"<p>Unter dem Motto \u201eMehr als ein Zuhause\u201c feierte am vergangenen Wochenende das Haus Elia der Tanner Diakonie ihr 20-j\u00e4hriges Bestehen mit einem unterhaltsamen und inklusiven Festwochenende. Neben einer Open-Air-Disco am Freitagabend gab es am Samstagnachmittag ein stimmungsvolles Fest mit vielen Attraktionen. Bei abwechslungsreicher Musik und gutem Essen feierten rund 200 Menschen mit und ohne Beeintr\u00e4chtigungen v\u00f6llig unkompliziert miteinander.<\/p>\n<p>Zum Auftakt des Festes hat die Tanner Diakonie zu einer Open-Air-Disco am Freitagabend geladen. Zahlreiche G\u00e4ste feierten und tanzten ausgelassen bis in die Abendstunden. Das Fest am Samstag wurde mit einer integrativen Andacht er\u00f6ffnet. Zum anschlie\u00dfendem Festauftakt zeigten Bewohner und Mitarbeiter des Hauses Elia mit einem rhythmischen Tanz Ihr K\u00f6nnen. Stefan Burkard, Gesch\u00e4ftsf\u00fchrer der Tanner Diakonie, begr\u00fc\u00dfte die zahlreichen Besucher des Festes herzlich bei strahlendem Sonnenschein. Er lobte den stimmungsvollen Auftritt und w\u00fcnschte allen G\u00e4sten einen unterhaltsamen Nachmittag, der so einiges an Abwechslung bot.<\/p>\n<p>Im Programm ging es weiter: Neben Ehrungen dreier Bewohner, die seit Errichtung des Hauses Elia im Jahre 1997 \u201eBewohner von Anfang an\u201c sind, gab es einen Auftritt des Tanner Kinderchors \u201eGoldkehlchen\u201c, einen Kreativstand der Tagesst\u00e4tte, einen Verkaufsstand mit selbst hergestellten Produkten und ein Gl\u00fccksrad mit tollen Gewinnen. Auch die geladenen G\u00e4ste aus der Politik, die der Einladung gefolgt sind, darunter Tanns B\u00fcrgermeister Mario D\u00e4nner, Daniela B\u00f6schen als Vertreterin des Landkreises Fulda und Herrn Michale Brand (Mitglied des Deutschen Bundestages) zeigten sich vom Programm begeistert und dr\u00fcckten Ihr Lob f\u00fcr das gelungene Fest in den Gru\u00dfworten aus. F\u00fcr musikalische Umrahmung des Festes sorgte die Band \u201eOli-Music\u201c. In guter Laune tanzten die G\u00e4ste zur Musik bis in den fr\u00fchen Abend hinein.<\/p>\n<p>Bild 1: Von links: Tanns B\u00fcrgermeister Mario D\u00e4nner, Daniele B\u00f6schen als Vertreterin des Landkreises Fulda, Mitglied des Deutschen Bundestages Michael Brand, Vorsitzender des Heimbeirates Alexander Schrott, Bereichsleiterin des Hauses Elia Ilona Kling,\u00c2\u00a0 Gesch\u00e4ftsf\u00fchrer der Tanner Diakonie Stefan Burkard<\/p>\n<p>Bewohner und Mitarbeiter des Hauses Elia beim Auff\u00fchren eines Tanzes<\/p>\n<p>Infos zur Tanner Diakonie und zum Haus Elia:<\/p>\n<p>Die Tanner Diakonie betreibt Einrichtungen der Eingliederungshilfe und versorgt zurzeit 85 Menschen in station\u00e4rer Wohnform, hat 33 Klienten im Ambulant Betreuten Wohnen und eine Tagesst\u00e4tte f\u00fcr 67 Menschen. In der Tanner Diakonie arbeiten zurzeit ca. 150 Menschen. Die Tanner Diakonie ist Mitglied in der Diakonie Hessen.<br \/>\nDas Haus Elia ist eine station\u00e4re Einrichtung der Tanner Diakonie am Standort in Tann. Das Haus ist im Jahre 1997 erbaut. Hier finden Menschen mit Beeintr\u00e4chtigungen individuelle Angebote und Hilfen, die ihre Selbstst\u00e4ndigkeit f\u00f6rdern und ein selbstbestimmtes Leben erm\u00f6glichen. Das Haus Elia ist ein Mehrgenerationenhaus und bietet zurzeit 18 Menschen mit Beeintr\u00e4chtigungen ein Zuhause. Neben einem modern eingerichteten Wellessbadezimmer verf\u00fcgt das Haus \u00fcber einen gro\u00dfz\u00fcgigen Aufenthaltsraum mit rollstuhlgerechter K\u00fcche, einer Sonnenterrasse und Balkons.<\/p>\n","protected":false},"excerpt":{"rendered":"<div class=\"tmnf_excerpt\"><p>Unter dem Motto \u201eMehr als ein Zuhause\u201c feierte am vergangenen Wochenende das Haus Elia der Tanner Diakonie ihr 20-j\u00e4hriges Bestehen mit einem unterhaltsamen und inklusiven Festwochenende. Neben einer Open-Air-Disco am Freitagabend gab es am Samstagnachmittag ein stimmungsvolles Fest mit vielen Attraktionen. Bei abwechslungsreicher Musik und gutem Essen feierten rund 200 Menschen mit und ohne Beeintr\u00e4chtigungen &hellip;<\/p>\n<\/div>","protected":false},"author":1,"featured_media":166646,"comment_status":"closed","ping_status":"closed","sticky":false,"template":"","format":"gallery","meta":{"footnotes":""},"categories":[1],"tags":[],"class_list":["post-166643","post","type-post","status-publish","format-gallery","has-post-thumbnail","hentry","category-startseite","post_format-post-format-gallery"],"_links":{"self":[{"href":"https:\/\/www.fuldaernachrichten.de\/index.php?rest_route=\/wp\/v2\/posts\/166643","targetHints":{"allow":["GET"]}}],"collection":[{"href":"https:\/\/www.fuldaernachrichten.de\/index.php?rest_route=\/wp\/v2\/posts"}],"about":[{"href":"https:\/\/www.fuldaernachrichten.de\/index.php?rest_route=\/wp\/v2\/types\/post"}],"author":[{"embeddable":true,"href":"https:\/\/www.fuldaernachrichten.de\/index.php?rest_route=\/wp\/v2\/users\/1"}],"replies":[{"embeddable":true,"href":"https:\/\/www.fuldaernachrichten.de\/index.php?rest_route=%2Fwp%2Fv2%2Fcomments&post=166643"}],"version-history":[{"count":1,"href":"https:\/\/www.fuldaernachrichten.de\/index.php?rest_route=\/wp\/v2\/posts\/166643\/revisions"}],"predecessor-version":[{"id":166649,"href":"https:\/\/www.fuldaernachrichten.de\/index.php?rest_route=\/wp\/v2\/posts\/166643\/revisions\/166649"}],"wp:featuredmedia":[{"embeddable":true,"href":"https:\/\/www.fuldaernachrichten.de\/index.php?rest_route=\/wp\/v2\/media\/166646"}],"wp:attachment":[{"href":"https:\/\/www.fuldaernachrichten.de\/index.php?rest_route=%2Fwp%2Fv2%2Fmedia&parent=166643"}],"wp:term":[{"taxonomy":"category","embeddable":true,"href":"https:\/\/www.fuldaernachrichten.de\/index.php?rest_route=%2Fwp%2Fv2%2Fcategories&post=166643"},{"taxonomy":"post_tag","embeddable":true,"href":"https:\/\/www.fuldaernachrichten.de\/index.php?rest_route=%2Fwp%2Fv2%2Ftags&post=166643"}],"curies":[{"name":"wp","href":"https:\/\/api.w.org\/{rel}","templated":true}]}}