{"id":166638,"date":"2017-08-21T20:49:11","date_gmt":"2017-08-21T18:49:11","guid":{"rendered":"http:\/\/www.fuldaer-nachrichten.de\/?p=166638"},"modified":"2017-08-21T20:49:11","modified_gmt":"2017-08-21T18:49:11","slug":"spende-fuer-kinder-in-sri-lanka","status":"publish","type":"post","link":"https:\/\/www.fuldaernachrichten.de\/?p=166638","title":{"rendered":"Spende f\u00fcr Kinder in Sri Lanka"},"content":{"rendered":"<p>Die Kinderhilfe Sri Lanka e.V. aus Neuhof freut sich \u00fcber eine Spende in H\u00f6he von 1.500,- Euro. Das Geld sammelte Matthias Klemens, Gesch\u00e4ftsf\u00fchrer der Firma Wende Erdbau in Fulda-Bronzell, anl\u00e4sslich seines 60. Geburtstages. Statt Geschenke w\u00fcnschte er sich auf Anregung seiner Schwester Christine Herzberg von seinen Geburtstagsg\u00e4sten und der Belegschaft der Firma eine Spende. Das Geld soll f\u00fcr den Bodenverputz f\u00fcr einen weiteren Kindergraten des Vereins im Norden Sri Lankas verwendet werden. Bei der Spenden\u00fcbergabe (von links): Paul Auth, Gesch\u00e4ftsf\u00fchrer Kinderhilfe Sri Lanka, Ivor Vancuylenburg, zweiter Vorsitzender, Matthias Klemens, Christine Herzberg.<\/p>\n","protected":false},"excerpt":{"rendered":"<div class=\"tmnf_excerpt\"><p>Die Kinderhilfe Sri Lanka e.V. aus Neuhof freut sich \u00fcber eine Spende in H\u00f6he von 1.500,- Euro. Das Geld sammelte Matthias Klemens, Gesch\u00e4ftsf\u00fchrer der Firma Wende Erdbau in Fulda-Bronzell, anl\u00e4sslich seines 60. Geburtstages. Statt Geschenke w\u00fcnschte er sich auf Anregung seiner Schwester Christine Herzberg von seinen Geburtstagsg\u00e4sten und der Belegschaft der Firma eine Spende. Das &hellip;<\/p>\n<\/div>","protected":false},"author":1,"featured_media":166644,"comment_status":"closed","ping_status":"closed","sticky":false,"template":"","format":"standard","meta":{"footnotes":""},"categories":[1],"tags":[],"class_list":["post-166638","post","type-post","status-publish","format-standard","has-post-thumbnail","hentry","category-startseite"],"_links":{"self":[{"href":"https:\/\/www.fuldaernachrichten.de\/index.php?rest_route=\/wp\/v2\/posts\/166638","targetHints":{"allow":["GET"]}}],"collection":[{"href":"https:\/\/www.fuldaernachrichten.de\/index.php?rest_route=\/wp\/v2\/posts"}],"about":[{"href":"https:\/\/www.fuldaernachrichten.de\/index.php?rest_route=\/wp\/v2\/types\/post"}],"author":[{"embeddable":true,"href":"https:\/\/www.fuldaernachrichten.de\/index.php?rest_route=\/wp\/v2\/users\/1"}],"replies":[{"embeddable":true,"href":"https:\/\/www.fuldaernachrichten.de\/index.php?rest_route=%2Fwp%2Fv2%2Fcomments&post=166638"}],"version-history":[{"count":1,"href":"https:\/\/www.fuldaernachrichten.de\/index.php?rest_route=\/wp\/v2\/posts\/166638\/revisions"}],"predecessor-version":[{"id":166645,"href":"https:\/\/www.fuldaernachrichten.de\/index.php?rest_route=\/wp\/v2\/posts\/166638\/revisions\/166645"}],"wp:featuredmedia":[{"embeddable":true,"href":"https:\/\/www.fuldaernachrichten.de\/index.php?rest_route=\/wp\/v2\/media\/166644"}],"wp:attachment":[{"href":"https:\/\/www.fuldaernachrichten.de\/index.php?rest_route=%2Fwp%2Fv2%2Fmedia&parent=166638"}],"wp:term":[{"taxonomy":"category","embeddable":true,"href":"https:\/\/www.fuldaernachrichten.de\/index.php?rest_route=%2Fwp%2Fv2%2Fcategories&post=166638"},{"taxonomy":"post_tag","embeddable":true,"href":"https:\/\/www.fuldaernachrichten.de\/index.php?rest_route=%2Fwp%2Fv2%2Ftags&post=166638"}],"curies":[{"name":"wp","href":"https:\/\/api.w.org\/{rel}","templated":true}]}}