{"id":166636,"date":"2017-08-21T20:47:57","date_gmt":"2017-08-21T18:47:57","guid":{"rendered":"http:\/\/www.fuldaer-nachrichten.de\/?p=166636"},"modified":"2017-08-21T20:47:57","modified_gmt":"2017-08-21T18:47:57","slug":"zwei-neue-auszubildende-und-sechs-neue-fos-praktikanten","status":"publish","type":"post","link":"https:\/\/www.fuldaernachrichten.de\/?p=166636","title":{"rendered":"Zwei neue Auszubildende und sechs neue FOS-Praktikanten"},"content":{"rendered":"<p>Generalvikar Prof. Dr. Gerhard Stanke begr\u00fc\u00dfte zwei neue Auszubildende und sechs Fachoberschulpraktikanten im Bisch\u00f6flichen Generalvikariat. <\/p>\n<p>Paulina Quanz und Maximilian Sch\u00e4fer beginnen eine dreij\u00e4hrige Ausbildung zu Verwaltungsfachangestellten; Lena Spiegel, Maria Hartung, Ann-Sophie Hohmann, Lennart Aschenbr\u00fccker, Simon Niewelt und Dominik Heil absolvieren ein einj\u00e4hriges FOS-Praktikum (Fachrichtung Wirtschaft und Verwaltung) im Bisch\u00f6flichen Generalvikariat.<\/p>\n<p>Auch 2018 stellt das Bisch\u00f6fliche Generalvikariat wieder Ausbildungs- und Praktikumspl\u00e4tze zur Verf\u00fcgung. Bewerbungsfrist f\u00fcr die Ausbildung ist der 06.10.2017.<\/p>\n","protected":false},"excerpt":{"rendered":"<div class=\"tmnf_excerpt\"><p>Generalvikar Prof. Dr. Gerhard Stanke begr\u00fc\u00dfte zwei neue Auszubildende und sechs Fachoberschulpraktikanten im Bisch\u00f6flichen Generalvikariat. Paulina Quanz und Maximilian Sch\u00e4fer beginnen eine dreij\u00e4hrige Ausbildung zu Verwaltungsfachangestellten; Lena Spiegel, Maria Hartung, Ann-Sophie Hohmann, Lennart Aschenbr\u00fccker, Simon Niewelt und Dominik Heil absolvieren ein einj\u00e4hriges FOS-Praktikum (Fachrichtung Wirtschaft und Verwaltung) im Bisch\u00f6flichen Generalvikariat. Auch 2018 stellt das Bisch\u00f6fliche &hellip;<\/p>\n<\/div>","protected":false},"author":1,"featured_media":166639,"comment_status":"closed","ping_status":"closed","sticky":false,"template":"","format":"standard","meta":{"footnotes":""},"categories":[1],"tags":[],"class_list":["post-166636","post","type-post","status-publish","format-standard","has-post-thumbnail","hentry","category-startseite"],"_links":{"self":[{"href":"https:\/\/www.fuldaernachrichten.de\/index.php?rest_route=\/wp\/v2\/posts\/166636","targetHints":{"allow":["GET"]}}],"collection":[{"href":"https:\/\/www.fuldaernachrichten.de\/index.php?rest_route=\/wp\/v2\/posts"}],"about":[{"href":"https:\/\/www.fuldaernachrichten.de\/index.php?rest_route=\/wp\/v2\/types\/post"}],"author":[{"embeddable":true,"href":"https:\/\/www.fuldaernachrichten.de\/index.php?rest_route=\/wp\/v2\/users\/1"}],"replies":[{"embeddable":true,"href":"https:\/\/www.fuldaernachrichten.de\/index.php?rest_route=%2Fwp%2Fv2%2Fcomments&post=166636"}],"version-history":[{"count":1,"href":"https:\/\/www.fuldaernachrichten.de\/index.php?rest_route=\/wp\/v2\/posts\/166636\/revisions"}],"predecessor-version":[{"id":166640,"href":"https:\/\/www.fuldaernachrichten.de\/index.php?rest_route=\/wp\/v2\/posts\/166636\/revisions\/166640"}],"wp:featuredmedia":[{"embeddable":true,"href":"https:\/\/www.fuldaernachrichten.de\/index.php?rest_route=\/wp\/v2\/media\/166639"}],"wp:attachment":[{"href":"https:\/\/www.fuldaernachrichten.de\/index.php?rest_route=%2Fwp%2Fv2%2Fmedia&parent=166636"}],"wp:term":[{"taxonomy":"category","embeddable":true,"href":"https:\/\/www.fuldaernachrichten.de\/index.php?rest_route=%2Fwp%2Fv2%2Fcategories&post=166636"},{"taxonomy":"post_tag","embeddable":true,"href":"https:\/\/www.fuldaernachrichten.de\/index.php?rest_route=%2Fwp%2Fv2%2Ftags&post=166636"}],"curies":[{"name":"wp","href":"https:\/\/api.w.org\/{rel}","templated":true}]}}