{"id":166629,"date":"2017-08-21T20:46:30","date_gmt":"2017-08-21T18:46:30","guid":{"rendered":"http:\/\/www.fuldaer-nachrichten.de\/?p=166629"},"modified":"2017-08-21T20:46:30","modified_gmt":"2017-08-21T18:46:30","slug":"versammlungsankuendigung-der-partei-der-iii-weg-am-26-august-in-fulda-stadt-fulda-erteilt-verbotsbescheid","status":"publish","type":"post","link":"https:\/\/www.fuldaernachrichten.de\/?p=166629","title":{"rendered":"Versammlungsank\u00fcndigung der Partei \u201eDer III. Weg\u201c am 26. August in Fulda &#8211; Stadt Fulda erteilt Verbotsbescheid"},"content":{"rendered":"<p>Die Stadt Fulda will verhindern, dass eine f\u00fcr Samstag, 26. August, angek\u00fcndigte Versammlung der Partei \u201eDer III. Weg\u201c in Fulda stattfinden kann. Ein entsprechender Verbotsbescheid wird nach erfolgter Anh\u00f6rung heute noch dem Anmelder der Veranstaltung zugeschickt. Die Partei hat f\u00fcr diesen Tag in der Zeit zwischen 15 und 22 Uhr einen Demonstrationszug durch die Innenstadt mit Kundgebungen angemeldet. <\/p>\n<p>Nach dem Verfassungsschutzbericht 2015 des Hessischen Innenministeriums handelt es sich bei der Partei \u201eDer III. Weg\u201c um eine rechtsextremistische Partei, deren Mitglieder \u00fcberwiegend aus dem neonazistischen Spektrum, vereinzelt auch aus der NPD, stammen. Nach Erkenntnissen der Verfassungssch\u00fctzer stammen die Mitglieder auch aus dem inzwischen verbotenen \u201eFreien Netz S\u00fcd\u201c sowie aus der v\u00f6lkisch gepr\u00e4gten Neonazi-Szene. Ideologisch vertritt die Partei laut Verfassungsschutzbericht ein v\u00f6lkisch-biologisch gepr\u00e4gtes Menschenbild, das im Widerspruch zu den Werten des Grundgesetzes steht. <\/p>\n<p>Die Stadt Fulda hat einen Verbotsbescheid verh\u00e4ngt, weil sie durch die Versammlung eine Gef\u00e4hrdung der \u00f6ffentlichen Sicherheit und Ordnung bef\u00fcrchtet. Insbesondere ist mit hoher Wahrscheinlichkeit damit zu rechnen, dass w\u00e4hrend der Versammlung der Tatbestand der Volksverhetzung (\u00c2\u00a7 130 Strafgesetzbuch) erf\u00fcllt wird und zur Beseitigung der freiheitlich-demokratischen Grundordnung sowie der Bundesrepublik Deutschland und ihrer Einrichtungen aufgerufen wird. Die Versammlungsbeh\u00f6rde beziehungsweise das Rechts- und Ordnungsamt der Stadt Fulda stehen bei der Bewertung der Situation in engem Austausch mit der Polizei. <\/p>\n","protected":false},"excerpt":{"rendered":"<div class=\"tmnf_excerpt\"><p>Die Stadt Fulda will verhindern, dass eine f\u00fcr Samstag, 26. August, angek\u00fcndigte Versammlung der Partei \u201eDer III. Weg\u201c in Fulda stattfinden kann. Ein entsprechender Verbotsbescheid wird nach erfolgter Anh\u00f6rung heute noch dem Anmelder der Veranstaltung zugeschickt. Die Partei hat f\u00fcr diesen Tag in der Zeit zwischen 15 und 22 Uhr einen Demonstrationszug durch die Innenstadt &hellip;<\/p>\n<\/div>","protected":false},"author":1,"featured_media":0,"comment_status":"closed","ping_status":"closed","sticky":false,"template":"","format":"standard","meta":{"footnotes":""},"categories":[1],"tags":[],"class_list":["post-166629","post","type-post","status-publish","format-standard","hentry","category-startseite"],"_links":{"self":[{"href":"https:\/\/www.fuldaernachrichten.de\/index.php?rest_route=\/wp\/v2\/posts\/166629","targetHints":{"allow":["GET"]}}],"collection":[{"href":"https:\/\/www.fuldaernachrichten.de\/index.php?rest_route=\/wp\/v2\/posts"}],"about":[{"href":"https:\/\/www.fuldaernachrichten.de\/index.php?rest_route=\/wp\/v2\/types\/post"}],"author":[{"embeddable":true,"href":"https:\/\/www.fuldaernachrichten.de\/index.php?rest_route=\/wp\/v2\/users\/1"}],"replies":[{"embeddable":true,"href":"https:\/\/www.fuldaernachrichten.de\/index.php?rest_route=%2Fwp%2Fv2%2Fcomments&post=166629"}],"version-history":[{"count":1,"href":"https:\/\/www.fuldaernachrichten.de\/index.php?rest_route=\/wp\/v2\/posts\/166629\/revisions"}],"predecessor-version":[{"id":166633,"href":"https:\/\/www.fuldaernachrichten.de\/index.php?rest_route=\/wp\/v2\/posts\/166629\/revisions\/166633"}],"wp:attachment":[{"href":"https:\/\/www.fuldaernachrichten.de\/index.php?rest_route=%2Fwp%2Fv2%2Fmedia&parent=166629"}],"wp:term":[{"taxonomy":"category","embeddable":true,"href":"https:\/\/www.fuldaernachrichten.de\/index.php?rest_route=%2Fwp%2Fv2%2Fcategories&post=166629"},{"taxonomy":"post_tag","embeddable":true,"href":"https:\/\/www.fuldaernachrichten.de\/index.php?rest_route=%2Fwp%2Fv2%2Ftags&post=166629"}],"curies":[{"name":"wp","href":"https:\/\/api.w.org\/{rel}","templated":true}]}}