{"id":166627,"date":"2017-08-21T20:46:06","date_gmt":"2017-08-21T18:46:06","guid":{"rendered":"http:\/\/www.fuldaer-nachrichten.de\/?p=166627"},"modified":"2017-08-21T20:46:06","modified_gmt":"2017-08-21T18:46:06","slug":"preisverleihung-anlaesslich-des-6-malwettbewerbs-hurra-ich-komme-in-die-schule-doppelte-aufregung-im-kreisgesundheitsamt","status":"publish","type":"post","link":"https:\/\/www.fuldaernachrichten.de\/?p=166627","title":{"rendered":"Preisverleihung anl\u00e4sslich des 6. Malwettbewerbs \u201eHurra &#8211; ich komme in die Schule\u201c &#8211; Doppelte Aufregung im Kreisgesundheitsamt"},"content":{"rendered":"<p>Eigentlich reicht Abc-Sch\u00fctzen ja schon eine ganz normale Einschulung, um einigerma\u00dfen nerv\u00f6s zu sein. Wenn am Tag vor \u201edem gro\u00dfen Tag\u201c auch noch eine Preisverleihung dazu kommt, dann kann man schon mal von doppelter Aufregung sprechen. <\/p>\n<p>Am vergangenen Montag sa\u00dfen jedenfalls zehn ziemlich gespannte und stolze Schulanf\u00e4nger in Begleitung ihrer Eltern, Gro\u00dfeltern und Geschwister im Multifunktionsraum des Kreisgesundheitsamtes. Denn der Fachdienst Kinder- und Jugendgesundheit hatte zur Preisverleihung anl\u00e4sslich des Malwettbewerbs \u201eHurra &#8211; ich komme in die Schule\u201c eingeladen. <\/p>\n<p>Der Wettbewerb, der im Rahmen der Schuleingangsuntersuchung durchgef\u00fchrt wird, fand in diesem Jahr bereits zum sechsten Mal statt. Die versierte Jury, zu der auch Fachdienstleiterin Bozena Christina Wieczorek geh\u00f6rt, hatte die Aufgabe, unter fast 100 Einsendungen die zehn sch\u00f6nsten Bilder auszuw\u00e4hlen. \u201eWir haben den Eindruck, dass die Bilder von Jahr zu Jahr immer sch\u00f6ner und die Auswahl immer schwerer wird\u201c, meinte die \u00c4rztin mit Blick auf die farbenfrohe Galerie. <\/p>\n<p>Auch der Erste Kreisbeigeordnete Frederik Schmitt, f\u00fcr den die Preisverleihung nach eigenem Bekunden \u201ezu den sch\u00f6nsten Terminen im Jahr\u201c geh\u00f6rt, zeigte sich beeindruckt von den Kunstwerken der Sechs- und Siebenj\u00e4hrigen, die ihre Vorfreude auf die Schule auf dem Papier zum Ausdruck gebracht haben. Facettenreiche Bildungs-Landschaften waren da zu bewundern und EKB Schmitt lie\u00df es sich nicht nehmen, Bildbeschreibungen von den jungen K\u00fcnstlern pers\u00f6nlich einzuholen. <\/p>\n<p>F\u00fcr die Teilnahme am Wettbewerb wurden die sieben M\u00e4dchen und drei Jungen mit Geschenken belohnt, die den Spa\u00df und die Freude an der Bewegung f\u00f6rdern sollen. So \u00fcberreichte Frederik Schmitt unter anderem ein Skateboard an den ersten Gewinner Felix Alt, der die Grundschule in Marbach besucht. Inliner gingen an die Zweitplatzierte, Klara Urban, die jetzt Sch\u00fclerin der Grundschule Hattenhof ist und \u00fcber den dritten Preis, einen Pogo-Stick, freute sich Lea Heller, Sch\u00fclerin der Grundschule Poppenhausen. Mia Breitung aus Hilders, Matti Manns, Maximilian Michel, Hanna Petlewski, Clara Marie Schmitt, Ella Usbeck (alle aus Fulda) sowie Lilliana Zirpel aus Eiterfeld freuten sich \u00fcber Stelzen. <\/p>\n<p>EKB Schmitt und Dr. Helmut Ernst, Leiter des Kreisgesundheitsamts, w\u00fcnschten den Kindern viel Spa\u00df und Freude mit den Preisen sowie alles Gute f\u00fcr den Schulstart. Beide dankten auch den Eltern, die ihren Kindern die Zeit und den Raum gegeben h\u00e4tten, um ihre Kreativit\u00e4t zu entfalten und am Wettbewerb teilzunehmen.  <\/p>\n<p>BU: Knapp 100 Kinder hatten am 6. Malwettbewerb teilgenommen. Am vergangenen Montag wurden im Kreisgesundheitsamt die Preise an die zehn Gewinner \u00fcberreicht.<br \/>\nFoto: D. Heydenreich <\/p>\n","protected":false},"excerpt":{"rendered":"<div class=\"tmnf_excerpt\"><p>Eigentlich reicht Abc-Sch\u00fctzen ja schon eine ganz normale Einschulung, um einigerma\u00dfen nerv\u00f6s zu sein. Wenn am Tag vor \u201edem gro\u00dfen Tag\u201c auch noch eine Preisverleihung dazu kommt, dann kann man schon mal von doppelter Aufregung sprechen. Am vergangenen Montag sa\u00dfen jedenfalls zehn ziemlich gespannte und stolze Schulanf\u00e4nger in Begleitung ihrer Eltern, Gro\u00dfeltern und Geschwister im &hellip;<\/p>\n<\/div>","protected":false},"author":1,"featured_media":166630,"comment_status":"closed","ping_status":"closed","sticky":false,"template":"","format":"standard","meta":{"footnotes":""},"categories":[1],"tags":[],"class_list":["post-166627","post","type-post","status-publish","format-standard","has-post-thumbnail","hentry","category-startseite"],"_links":{"self":[{"href":"https:\/\/www.fuldaernachrichten.de\/index.php?rest_route=\/wp\/v2\/posts\/166627","targetHints":{"allow":["GET"]}}],"collection":[{"href":"https:\/\/www.fuldaernachrichten.de\/index.php?rest_route=\/wp\/v2\/posts"}],"about":[{"href":"https:\/\/www.fuldaernachrichten.de\/index.php?rest_route=\/wp\/v2\/types\/post"}],"author":[{"embeddable":true,"href":"https:\/\/www.fuldaernachrichten.de\/index.php?rest_route=\/wp\/v2\/users\/1"}],"replies":[{"embeddable":true,"href":"https:\/\/www.fuldaernachrichten.de\/index.php?rest_route=%2Fwp%2Fv2%2Fcomments&post=166627"}],"version-history":[{"count":1,"href":"https:\/\/www.fuldaernachrichten.de\/index.php?rest_route=\/wp\/v2\/posts\/166627\/revisions"}],"predecessor-version":[{"id":166631,"href":"https:\/\/www.fuldaernachrichten.de\/index.php?rest_route=\/wp\/v2\/posts\/166627\/revisions\/166631"}],"wp:featuredmedia":[{"embeddable":true,"href":"https:\/\/www.fuldaernachrichten.de\/index.php?rest_route=\/wp\/v2\/media\/166630"}],"wp:attachment":[{"href":"https:\/\/www.fuldaernachrichten.de\/index.php?rest_route=%2Fwp%2Fv2%2Fmedia&parent=166627"}],"wp:term":[{"taxonomy":"category","embeddable":true,"href":"https:\/\/www.fuldaernachrichten.de\/index.php?rest_route=%2Fwp%2Fv2%2Fcategories&post=166627"},{"taxonomy":"post_tag","embeddable":true,"href":"https:\/\/www.fuldaernachrichten.de\/index.php?rest_route=%2Fwp%2Fv2%2Ftags&post=166627"}],"curies":[{"name":"wp","href":"https:\/\/api.w.org\/{rel}","templated":true}]}}