{"id":166625,"date":"2017-08-21T20:47:19","date_gmt":"2017-08-21T18:47:19","guid":{"rendered":"http:\/\/www.fuldaer-nachrichten.de\/?p=166625"},"modified":"2017-08-21T20:47:19","modified_gmt":"2017-08-21T18:47:19","slug":"rhoener-wirtshaus-volksliedersingen-im-august-2","status":"publish","type":"post","link":"https:\/\/www.fuldaernachrichten.de\/?p=166625","title":{"rendered":"Rh\u00f6ner Wirtshaus- &#038; Volksliedersingen im August"},"content":{"rendered":"<p>Das beliebte Volkslieder- und Wirtshaussingen im Rh\u00f6ner Landhotel Haus zur Wasserkuppe in W\u00fcstensachsen findet im August wieder am letzten Montag im Monat, am 28. August um 19.00 Uhr statt.<\/p>\n<p>Alle Freunde der Rh\u00f6n- und Volkslieder sowie der Steirischen Musik sind herzlich zu diesem gem\u00fctlichen Abend eingeladen in gem\u00fctlicher Runde gemeinsam zu musizieren und zu singen. Zur St\u00e4rkung gibt es Grillhaxen, Kesselfleisch, kleine Gerichte und Rh\u00f6ner H\u00fcttenspezialit\u00e4ten. Zuerst deftig St\u00e4rken und anschlie\u00dfend in gem\u00fctlicher Runde singen, das gibt es nur im Rh\u00f6ner Landhotel Haus zur Wasserkuppe im Luftkurort W\u00fcstensachsen. Der Eintritt ist frei. Der Jahreskalender mit allen  gibt es auf telefonische Anforderung unter Tel. 06683-600 oder im Internet unter www.haus-zur-wasserkuppe.de <\/p>\n","protected":false},"excerpt":{"rendered":"<div class=\"tmnf_excerpt\"><p>Das beliebte Volkslieder- und Wirtshaussingen im Rh\u00f6ner Landhotel Haus zur Wasserkuppe in W\u00fcstensachsen findet im August wieder am letzten Montag im Monat, am 28. August um 19.00 Uhr statt. Alle Freunde der Rh\u00f6n- und Volkslieder sowie der Steirischen Musik sind herzlich zu diesem gem\u00fctlichen Abend eingeladen in gem\u00fctlicher Runde gemeinsam zu musizieren und zu singen. &hellip;<\/p>\n<\/div>","protected":false},"author":1,"featured_media":0,"comment_status":"closed","ping_status":"closed","sticky":false,"template":"","format":"standard","meta":{"footnotes":""},"categories":[1],"tags":[],"class_list":["post-166625","post","type-post","status-publish","format-standard","hentry","category-startseite"],"_links":{"self":[{"href":"https:\/\/www.fuldaernachrichten.de\/index.php?rest_route=\/wp\/v2\/posts\/166625","targetHints":{"allow":["GET"]}}],"collection":[{"href":"https:\/\/www.fuldaernachrichten.de\/index.php?rest_route=\/wp\/v2\/posts"}],"about":[{"href":"https:\/\/www.fuldaernachrichten.de\/index.php?rest_route=\/wp\/v2\/types\/post"}],"author":[{"embeddable":true,"href":"https:\/\/www.fuldaernachrichten.de\/index.php?rest_route=\/wp\/v2\/users\/1"}],"replies":[{"embeddable":true,"href":"https:\/\/www.fuldaernachrichten.de\/index.php?rest_route=%2Fwp%2Fv2%2Fcomments&post=166625"}],"version-history":[{"count":1,"href":"https:\/\/www.fuldaernachrichten.de\/index.php?rest_route=\/wp\/v2\/posts\/166625\/revisions"}],"predecessor-version":[{"id":166637,"href":"https:\/\/www.fuldaernachrichten.de\/index.php?rest_route=\/wp\/v2\/posts\/166625\/revisions\/166637"}],"wp:attachment":[{"href":"https:\/\/www.fuldaernachrichten.de\/index.php?rest_route=%2Fwp%2Fv2%2Fmedia&parent=166625"}],"wp:term":[{"taxonomy":"category","embeddable":true,"href":"https:\/\/www.fuldaernachrichten.de\/index.php?rest_route=%2Fwp%2Fv2%2Fcategories&post=166625"},{"taxonomy":"post_tag","embeddable":true,"href":"https:\/\/www.fuldaernachrichten.de\/index.php?rest_route=%2Fwp%2Fv2%2Ftags&post=166625"}],"curies":[{"name":"wp","href":"https:\/\/api.w.org\/{rel}","templated":true}]}}