{"id":166624,"date":"2017-08-21T20:45:09","date_gmt":"2017-08-21T18:45:09","guid":{"rendered":"http:\/\/www.fuldaer-nachrichten.de\/?p=166624"},"modified":"2017-08-21T20:45:09","modified_gmt":"2017-08-21T18:45:09","slug":"arzneimittelversorgung-im-laendlichen-raum","status":"publish","type":"post","link":"https:\/\/www.fuldaernachrichten.de\/?p=166624","title":{"rendered":"Arzneimittelversorgung im l\u00e4ndlichen Raum"},"content":{"rendered":"<p>Der Hessische Gesundheitsminister Stefan Gr\u00fcttner informierte sich heute in Bad Emstal \u00fcber die Arzneimittelversorgung im l\u00e4ndlichen Raum und besuchte dort die ans\u00e4ssige Apotheke, die mit Botendienst, Rezeptsammelstelle und B\u00fcrgerbus, die Versorgung der Bev\u00f6lkerung mit Medikamenten sicherstellt. \u201eWir wissen, dass gerade \u00e4ltere Menschen eine gute medizinische Versorgung ben\u00f6tigen. Die Herausforderungen, dies weiterhin sicherzustellen, packen wir in Hessen an. Gemeinsam werden wir den erfolgreichen Weg der Verbesserung der medizinischen Versorgung auch durch neue Ans\u00e4tze im Bereich Telemedizin weiter f\u00f6rdern\u201c, betonte der Gesundheitsminister.<\/p>\n<p>Die Beyl\u00e2\u20ac\u2122sche Apotheke verf\u00fcgt \u00fcber einen ausgepr\u00e4gten Botendienst. F\u00fcr die B\u00fcrger gibt es auch einen B\u00fcrgerbus, der f\u00fcr immobile B\u00fcrger zu Verf\u00fcgung steht. Zus\u00e4tzlich betreibt die Apotheke eine Rezeptsammelstelle Die Rezepte werden gesammelt, meist in einer Art Briefkasten, der zweimal t\u00e4glich von der Apotheke geleert wird. Die Arzneimittel werden abgeholt oder durch Boten ausgeliefert.<\/p>\n<p>Unabh\u00e4ngig davon werden von den Apotheken vermehrt IT-L\u00f6sungen zum Kundenkontakt etabliert. Mittels Apps, die heruntergeladen werden k\u00f6nnen, k\u00f6nnen die Patienten ihre Rezepte einscannen und eine Bestellung an die Apotheke ihre Wahl senden. Nach entsprechender Beratung wird das Arzneimittel vorbestellt und kann abgeholt bzw. per Bote zugesandt werden. Wichtig ist hierbei, dass zwischen Patient und Apotheke eine gesicherte Verbindung aufgebaut wird bzw. verschl\u00fcsselt kommuniziert wird, um die Datensicherheit zu gew\u00e4hrleisten. Der Hessische Apothekerverband HAV hat zusammen mit der Rezeptabrechnungsstelle ARZ in Darmstadt ein solches System aufgebaut, das im dritten Quartal 2017 f\u00fcr interessierte Apotheken freigeschaltet wird. Im Rahmen der Offensive l\u00e4ndlicher Raum und Entwicklung von Projekten zur Digitalisierung des Gesundheitswesens steht die Hessische Landesregierung im regen Austausch mit der Hessischen Apothekerkammer LAK und dem HAV.<\/p>\n<p>\u201eModerne Kommunikationstechnologien werden eine entscheidende Rolle bei der Sicherstellung einer weiterhin wohnortnahen, medizinisch hochwertigen Versorgung der Zukunft spielen. Wir werden die Digitalisierung des Gesundheitswesens intensiv voranbringen, auch um die Herausforderungen der Zukunft erfolgreich zu meistern und auch in l\u00e4ndlichen Regionen die medizinische Versorgung sicherzustellen\u201c, betonte Gr\u00fcttner.<\/p>\n","protected":false},"excerpt":{"rendered":"<div class=\"tmnf_excerpt\"><p>Der Hessische Gesundheitsminister Stefan Gr\u00fcttner informierte sich heute in Bad Emstal \u00fcber die Arzneimittelversorgung im l\u00e4ndlichen Raum und besuchte dort die ans\u00e4ssige Apotheke, die mit Botendienst, Rezeptsammelstelle und B\u00fcrgerbus, die Versorgung der Bev\u00f6lkerung mit Medikamenten sicherstellt. \u201eWir wissen, dass gerade \u00e4ltere Menschen eine gute medizinische Versorgung ben\u00f6tigen. Die Herausforderungen, dies weiterhin sicherzustellen, packen wir in &hellip;<\/p>\n<\/div>","protected":false},"author":1,"featured_media":0,"comment_status":"closed","ping_status":"closed","sticky":false,"template":"","format":"standard","meta":{"footnotes":""},"categories":[1],"tags":[],"class_list":["post-166624","post","type-post","status-publish","format-standard","hentry","category-startseite"],"_links":{"self":[{"href":"https:\/\/www.fuldaernachrichten.de\/index.php?rest_route=\/wp\/v2\/posts\/166624","targetHints":{"allow":["GET"]}}],"collection":[{"href":"https:\/\/www.fuldaernachrichten.de\/index.php?rest_route=\/wp\/v2\/posts"}],"about":[{"href":"https:\/\/www.fuldaernachrichten.de\/index.php?rest_route=\/wp\/v2\/types\/post"}],"author":[{"embeddable":true,"href":"https:\/\/www.fuldaernachrichten.de\/index.php?rest_route=\/wp\/v2\/users\/1"}],"replies":[{"embeddable":true,"href":"https:\/\/www.fuldaernachrichten.de\/index.php?rest_route=%2Fwp%2Fv2%2Fcomments&post=166624"}],"version-history":[{"count":1,"href":"https:\/\/www.fuldaernachrichten.de\/index.php?rest_route=\/wp\/v2\/posts\/166624\/revisions"}],"predecessor-version":[{"id":166626,"href":"https:\/\/www.fuldaernachrichten.de\/index.php?rest_route=\/wp\/v2\/posts\/166624\/revisions\/166626"}],"wp:attachment":[{"href":"https:\/\/www.fuldaernachrichten.de\/index.php?rest_route=%2Fwp%2Fv2%2Fmedia&parent=166624"}],"wp:term":[{"taxonomy":"category","embeddable":true,"href":"https:\/\/www.fuldaernachrichten.de\/index.php?rest_route=%2Fwp%2Fv2%2Fcategories&post=166624"},{"taxonomy":"post_tag","embeddable":true,"href":"https:\/\/www.fuldaernachrichten.de\/index.php?rest_route=%2Fwp%2Fv2%2Ftags&post=166624"}],"curies":[{"name":"wp","href":"https:\/\/api.w.org\/{rel}","templated":true}]}}