{"id":166618,"date":"2017-08-21T20:44:49","date_gmt":"2017-08-21T18:44:49","guid":{"rendered":"http:\/\/www.fuldaer-nachrichten.de\/?p=166618"},"modified":"2017-08-21T20:44:49","modified_gmt":"2017-08-21T18:44:49","slug":"kurze-wege-enger-austausch-in-der-region-hilft-neue-herausforderungen-gut-zu-meistern-bundestagsabgeordneter-michael-brand-informiert-sich-aus-erster-hand-bei-der-caritas-auslaen","status":"publish","type":"post","link":"https:\/\/www.fuldaernachrichten.de\/?p=166618","title":{"rendered":"\u201eKurze Wege, enger Austausch in der Region hilft neue Herausforderungen gut zu meistern\u201c &#8211;  Bundestagsabgeordneter Michael Brand informiert sich aus erster Hand bei der Caritas Ausl\u00e4nder- und Migrationsberatung Fulda"},"content":{"rendered":"<p>\u00e2\u20ac\u00a8Auf seiner Sommertour besuchte Fuldas Bundestagsabgeordneter Michael Brand den Caritasverband f\u00fcr die Regionen Fulda und Geisa (RCV). Das besonders Interesse des Vorsitzenden der Arbeitsgruppe f\u00fcr Menschenrechte und Humanit\u00e4re Hilfe der CDU\/CSU-Bundestagsfraktion galt dem Fachbereich Ausl\u00e4nderberatung und Migrationsberatung f\u00fcr erwachsene Zuwanderer (MBE). Der regionale Caritasverband mit seinen 180 Mitarbeiterinnen und Mitarbeitern und fast gleichvielen Ehrenamtlichen ber\u00e4t seit den sechziger Jahren, als die ersten Gastarbeiter nach Fulda kamen, ausl\u00e4ndische Mitb\u00fcrgerinnen und Mitb\u00fcrger. Aufgabe heute sei es, zugewanderte Menschen bei der L\u00f6sung von Problemen zu beraten und zu unterst\u00fctzen sowie Hilfestellungen bei der Integration in die Gesellschaft zu geben. <\/p>\n<p>Ein wichtiger Ansatz sei dabei die F\u00f6rderung und St\u00e4rkung der Eigeninitiative, so die Diplom-Sozialp\u00e4dagogin Monika Gonzalez Dehnhardt.\u00c2\u00a0In der Beratungsstelle in H\u00fcnfeld ist f\u00fcr diese Arbeit Diplom-Sozialp\u00e4dagogin Jutta Michel-Neu verantwortlich. Au\u00dferdem biete der RCV ehrenamtliche Hausaufgabenhilfe an Fuldaer Schulen schwerpunktm\u00e4\u00dfig f\u00fcr ausl\u00e4ndische Sch\u00fclerinnen und Sch\u00fcler an, so Elsa Gebru. Eine L\u00fccke gebe es zwischen Zuwachs und Finanzierung der Arbeit. Die Bundesarbeitsgemeinschaft der Freien Wohlfahrtspflege habe in einem Schreiben darauf aufmerksam gemacht, sagte Gesch\u00e4ftsf\u00fchrer Christian Reuter. F\u00fcr den RCV Fulda bedeute dies, dass von den Kosten in H\u00f6he von 172.000 Euro nur 61.000 Euro refinanziert seien. Ohne kirchlich-caritative Mittel w\u00e4re die Arbeit nicht zu leisten. Besonders in der Fl\u00fcchtlingsarbeit sei Netzwerkdenken wichtig. <\/p>\n<p>Lob gab es f\u00fcr den Landkreis Fulda, der in der Fl\u00fcchtlingsdebatte den Schulterschluss mit den Wohlfahrtsverb\u00e4nden gesucht und deren Kompetenz genutzt habe. \u201eKurze Wege, enger Austausch, das hilft uns in der Region, neue Herausforderungen gut zu meistern\u201c, sagte Brand anerkennend. \u201eBei der Caritas aus erster Hand zu erfahren, wo die tagt\u00e4glichen Herausforderungen liegen, ist mir wichtig und hilft mir sehr konkret bei der Arbeit\u201c, so der Abgeordnete. Die Aufgabe der Integration fordere beide Seiten. Damit sie gelinge, sei f\u00f6rdern und fordern gleicherma\u00dfen wichtig. \u201eDie Aufgabe der Integration wird uns alle fordern &#8211; weder Scheuklappen noch Naivit\u00e4t helfen dabei. Dass Integration gut funktioniert, liegt in unser aller Interesse. Davon kann unser Land profitieren.\u201c Nicht Einwanderung in die Sozialsystem, sondern Integration in Arbeitsmarkt und Gesellschaft sei das Ziel. Von zentraler Bedeutung sei das Erlernen der deutschen Sprache. In den letzten zwei Jahren habe der Bund die Sprach- und Integrationskurse ausgeweitet und Ma\u00dfnahmen zur Integration in den Arbeitsmarkt verbessert. <\/p>\n<p>Michael Brand dankte f\u00fcr die umfassenden Informationen und vor allem f\u00fcr das \u201ehohe und professionelle Engagement\u201c der Mitarbeiterinnen und Mitarbeiter. Die Caritas mit ihrer Ausl\u00e4nder- und Migrationsberatung leiste als \u201ePartner der Region und Netzwerker\u201c eine wichtige Arbeit, die er als Bundestagsabgeordneter gerne aktiv weiter unterst\u00fctze.<\/p>\n<p>Foto: Michael Brand (MdB) (4.v.r.) lie\u00df sich von (v.l.n.r.) Christian Reuter (Gesch\u00e4ftsf\u00fchrer), Werner Althaus (Abteilungsleiter), Monika Gonzalez Dehnhardt (Fachberaterin), Pfarrer Dr. Dagobert Vonderau (Verbandsvorsitzender) sowie den Beraterinnen Carolin Drott, Elsa Gebru und Jutta Michel \u2013 Neu umfassend informieren. Auf dem Foto fehlt Karin Kristan.<\/p>\n","protected":false},"excerpt":{"rendered":"<div class=\"tmnf_excerpt\"><p>\u00e2\u20ac\u00a8Auf seiner Sommertour besuchte Fuldas Bundestagsabgeordneter Michael Brand den Caritasverband f\u00fcr die Regionen Fulda und Geisa (RCV). Das besonders Interesse des Vorsitzenden der Arbeitsgruppe f\u00fcr Menschenrechte und Humanit\u00e4re Hilfe der CDU\/CSU-Bundestagsfraktion galt dem Fachbereich Ausl\u00e4nderberatung und Migrationsberatung f\u00fcr erwachsene Zuwanderer (MBE). Der regionale Caritasverband mit seinen 180 Mitarbeiterinnen und Mitarbeitern und fast gleichvielen Ehrenamtlichen ber\u00e4t &hellip;<\/p>\n<\/div>","protected":false},"author":1,"featured_media":166621,"comment_status":"closed","ping_status":"closed","sticky":false,"template":"","format":"standard","meta":{"footnotes":""},"categories":[1],"tags":[],"class_list":["post-166618","post","type-post","status-publish","format-standard","has-post-thumbnail","hentry","category-startseite"],"_links":{"self":[{"href":"https:\/\/www.fuldaernachrichten.de\/index.php?rest_route=\/wp\/v2\/posts\/166618","targetHints":{"allow":["GET"]}}],"collection":[{"href":"https:\/\/www.fuldaernachrichten.de\/index.php?rest_route=\/wp\/v2\/posts"}],"about":[{"href":"https:\/\/www.fuldaernachrichten.de\/index.php?rest_route=\/wp\/v2\/types\/post"}],"author":[{"embeddable":true,"href":"https:\/\/www.fuldaernachrichten.de\/index.php?rest_route=\/wp\/v2\/users\/1"}],"replies":[{"embeddable":true,"href":"https:\/\/www.fuldaernachrichten.de\/index.php?rest_route=%2Fwp%2Fv2%2Fcomments&post=166618"}],"version-history":[{"count":1,"href":"https:\/\/www.fuldaernachrichten.de\/index.php?rest_route=\/wp\/v2\/posts\/166618\/revisions"}],"predecessor-version":[{"id":166622,"href":"https:\/\/www.fuldaernachrichten.de\/index.php?rest_route=\/wp\/v2\/posts\/166618\/revisions\/166622"}],"wp:featuredmedia":[{"embeddable":true,"href":"https:\/\/www.fuldaernachrichten.de\/index.php?rest_route=\/wp\/v2\/media\/166621"}],"wp:attachment":[{"href":"https:\/\/www.fuldaernachrichten.de\/index.php?rest_route=%2Fwp%2Fv2%2Fmedia&parent=166618"}],"wp:term":[{"taxonomy":"category","embeddable":true,"href":"https:\/\/www.fuldaernachrichten.de\/index.php?rest_route=%2Fwp%2Fv2%2Fcategories&post=166618"},{"taxonomy":"post_tag","embeddable":true,"href":"https:\/\/www.fuldaernachrichten.de\/index.php?rest_route=%2Fwp%2Fv2%2Ftags&post=166618"}],"curies":[{"name":"wp","href":"https:\/\/api.w.org\/{rel}","templated":true}]}}