{"id":166614,"date":"2017-08-21T20:44:17","date_gmt":"2017-08-21T18:44:17","guid":{"rendered":"http:\/\/www.fuldaer-nachrichten.de\/?p=166614"},"modified":"2017-08-21T20:44:17","modified_gmt":"2017-08-21T18:44:17","slug":"23-millionen-euro-in-zehn-jahren-fuldaer-unternehmergruppe-bni-sturmius-feiert-jubilaeum","status":"publish","type":"post","link":"https:\/\/www.fuldaernachrichten.de\/?p=166614","title":{"rendered":"23 Millionen Euro in zehn Jahren &#8211; Fuldaer Unternehmergruppe &#8220;BNI Sturmius&#8221; feiert Jubil\u00e4um"},"content":{"rendered":"<p>Seit mittlerweile zehn Jahren ist das Fuldaer Team &#8220;Sturmius&#8221; des weltweiten Unternehmernetzwerks &#8220;Business Network International&#8221; \u2013 kurz &#8220;BNI&#8221; \u2013 aktiv. Vor wenigen Tagen hatten sich die aktuell 23 Mitglieder und einige G\u00e4ste im Parkhotel Kolpinghaus in Fulda zusammengefunden, um ihr Jubil\u00e4um geb\u00fchrend zu feiern. Grund zur Freude gab es genug: Die Unternehmer konnten nicht nur auf ein erfolgreiches gemeinsames Jahrzehnt zur\u00fcckblicken, sondern auch auf die beeindruckende Summe von \u00fcber 23 Millionen Euro \u2013 der Gesamtumsatz, den die Mitglieder von &#8220;Sturmius&#8221; dank gegenseitiger Gesch\u00e4ftsempfehlungen seit der Gr\u00fcndung ihres Teams erwirtschaften konnten.<\/p>\n<p>&#8220;23 Millionen Euro, \u00fcber 9.000 Empfehlungen und eine starke Gemeinschaft \u2013 darauf k\u00f6nnen Sie alle wirklich stolz sein&#8221;, sagte Bernd M\u00f6ller, Exekutivdirektor der Regionalgruppe &#8220;BNI Mitte&#8221;, in seinem Gru\u00dfwort. Zusammen mit Silvia Tirolf, Direktorin des Teams &#8220;Sturmius&#8221;, zeichnete er die Gr\u00fcndungsmitglieder der Fuldaer Unternehmergruppe aus \u2013 allen voran Alexander Peer, Vertriebsleiter bei der Fuldaer Unternehmensgruppe Weinrich, der seinen Teamkollegen bis heute \u00fcber 1,1 Millionen Euro Umsatz vermittelt hat.<\/p>\n<p>\u00dcber das BNI:<\/p>\n<p>Dem Business Network International geh\u00f6ren aktuell 210.000 Unternehmer in 71 L\u00e4ndern an. Das Besondere an der Struktur des Netzwerks: In jedem Unternehmerteam \u2013 auch \u201eChapter\u201c genannt \u2013 ist jedes Fachgebiet jeweils nur ein einziges Mal vertreten \u2013 so werden Interessenskonflikte zwischen den Mitgliedern verhindert und das Teamwork gef\u00f6rdert. Im Zentrum der Aktivit\u00e4ten des BNI steht ein w\u00f6chentliches gemeinsames Fr\u00fchst\u00fcck, in dessen Rahmen die Mitglieder Gesch\u00e4ftsempfehlungen austauschen und aktuelle Informationen weitergeben.<\/p>\n","protected":false},"excerpt":{"rendered":"<div class=\"tmnf_excerpt\"><p>Seit mittlerweile zehn Jahren ist das Fuldaer Team &#8220;Sturmius&#8221; des weltweiten Unternehmernetzwerks &#8220;Business Network International&#8221; \u2013 kurz &#8220;BNI&#8221; \u2013 aktiv. Vor wenigen Tagen hatten sich die aktuell 23 Mitglieder und einige G\u00e4ste im Parkhotel Kolpinghaus in Fulda zusammengefunden, um ihr Jubil\u00e4um geb\u00fchrend zu feiern. Grund zur Freude gab es genug: Die Unternehmer konnten nicht nur &hellip;<\/p>\n<\/div>","protected":false},"author":1,"featured_media":166619,"comment_status":"closed","ping_status":"closed","sticky":false,"template":"","format":"standard","meta":{"footnotes":""},"categories":[1],"tags":[],"class_list":["post-166614","post","type-post","status-publish","format-standard","has-post-thumbnail","hentry","category-startseite"],"_links":{"self":[{"href":"https:\/\/www.fuldaernachrichten.de\/index.php?rest_route=\/wp\/v2\/posts\/166614","targetHints":{"allow":["GET"]}}],"collection":[{"href":"https:\/\/www.fuldaernachrichten.de\/index.php?rest_route=\/wp\/v2\/posts"}],"about":[{"href":"https:\/\/www.fuldaernachrichten.de\/index.php?rest_route=\/wp\/v2\/types\/post"}],"author":[{"embeddable":true,"href":"https:\/\/www.fuldaernachrichten.de\/index.php?rest_route=\/wp\/v2\/users\/1"}],"replies":[{"embeddable":true,"href":"https:\/\/www.fuldaernachrichten.de\/index.php?rest_route=%2Fwp%2Fv2%2Fcomments&post=166614"}],"version-history":[{"count":1,"href":"https:\/\/www.fuldaernachrichten.de\/index.php?rest_route=\/wp\/v2\/posts\/166614\/revisions"}],"predecessor-version":[{"id":166620,"href":"https:\/\/www.fuldaernachrichten.de\/index.php?rest_route=\/wp\/v2\/posts\/166614\/revisions\/166620"}],"wp:featuredmedia":[{"embeddable":true,"href":"https:\/\/www.fuldaernachrichten.de\/index.php?rest_route=\/wp\/v2\/media\/166619"}],"wp:attachment":[{"href":"https:\/\/www.fuldaernachrichten.de\/index.php?rest_route=%2Fwp%2Fv2%2Fmedia&parent=166614"}],"wp:term":[{"taxonomy":"category","embeddable":true,"href":"https:\/\/www.fuldaernachrichten.de\/index.php?rest_route=%2Fwp%2Fv2%2Fcategories&post=166614"},{"taxonomy":"post_tag","embeddable":true,"href":"https:\/\/www.fuldaernachrichten.de\/index.php?rest_route=%2Fwp%2Fv2%2Ftags&post=166614"}],"curies":[{"name":"wp","href":"https:\/\/api.w.org\/{rel}","templated":true}]}}