{"id":166604,"date":"2017-08-21T20:42:16","date_gmt":"2017-08-21T18:42:16","guid":{"rendered":"http:\/\/www.fuldaer-nachrichten.de\/?p=166604"},"modified":"2017-08-21T20:42:16","modified_gmt":"2017-08-21T18:42:16","slug":"felix-zywietz-beim-sommerkolleg-an-der-tu-clausthal-schueler-der-eduard-stieler-schule-schnuppert-uni-luft","status":"publish","type":"post","link":"https:\/\/www.fuldaernachrichten.de\/?p=166604","title":{"rendered":"Felix Zywietz beim Sommerkolleg an der TU Clausthal &#8211; Sch\u00fcler der Eduard-Stieler-Schule schnuppert Uni-Luft"},"content":{"rendered":"<p>Felix Zywietz, Sch\u00fcler des Beruflichen Gymnasiums der Eduard-Stieler-Schule (ESS) mit der Fachrichtung Biologietechnik, verbrachte w\u00e4hrend der Sommerferien eine Woche beim Kooperationspartner der Schule, der Technischen Universit\u00e4t Clausthal, um einen Studienvorbereitungskurs zu besuchen. Dabei konnte sich der 17-J\u00e4hrige gemeinsam mit 17 weiteren jungen Leuten aus Deutschland Einblicke in die Studieng\u00e4nge Chemie, Energie und Materialphysik sowie Materialwissenschaft und Werkstofftechnik verschaffen.<\/p>\n<p>Am ersten Tag wurden die Universit\u00e4t, die einzelnen Institute und die Stadt vorgestellt. W\u00e4hrend der kommenden Woche folgten dann diverse Praktika. Zywietz, der die 12. Jahrgangsstufe besucht, nahm an dem Workshop \u201eEnergiespeicher f\u00fcr die Zukunft\u201c und an Schnupperkursen zu Kunststoffverarbeitung, Umformtechnik und Glas-Geramik-Bindemitteln teil. Ein wesentlicher Bestandteil des Kollegs war die Anfertigung eines wissenschaftlichen Protokolls. Die w\u00e4hrend des Kurses erbrachten Leistungen k\u00f6nnen in einem sp\u00e4teren Studium dort anerkannt werden. <\/p>\n<p>Besonders beeindruckt war Felix Zywietz von einer Vorlesung \u00fcber Biochemie und Genetik, die Prof. Dr. Andreas Schmidt vom Institut f\u00fcr Organische Chemie gehalten hatte. Auch gefielen ihm die gute Betreuung und das unkomplizierte, problemlose Miteinander mit den Angestellten und Professoren sowie das ansprechende und abwechslungsreiche Programm, aber auch das angenehme Ambiente der s\u00fcdnieders\u00e4chsischen Universit\u00e4t.<\/p>\n<p>Zum Freizeitprogramm geh\u00f6rten ein gemeinsamer Grillabend, gemeinsames Pizza-Essen, aber auch eine Exkursion in die Dorotheer R\u00f6sche, eine der ehemals ertragreichsten Gruben, durch die man mit Gummistiefeln, Helm und Geleucht wandern und in welcher man sich auf eine Zeitreise durch die Geschichte des Bergbaus begeben kann.<\/p>\n<p>Die Eduard-Stieler-Schule hat 2010 einen Kooperationsvertrag mit der Universit\u00e4t im Harz abgeschlossen, der nicht nur auf dem Papier besteht, sondern seither mit gegenseitigen Besuchen von Lehrern und Sch\u00fclern aus Fulda und Angeboten der Clausthaler Wissenschaftler an der ESS immer wieder mit Leben erf\u00fcllt wird. So wird der \u201eFlying Science Circus der TU Clausthal\u201c auch im M\u00e4rz 2018 wieder an der ESS zu Gast sein.<\/p>\n","protected":false},"excerpt":{"rendered":"<div class=\"tmnf_excerpt\"><p>Felix Zywietz, Sch\u00fcler des Beruflichen Gymnasiums der Eduard-Stieler-Schule (ESS) mit der Fachrichtung Biologietechnik, verbrachte w\u00e4hrend der Sommerferien eine Woche beim Kooperationspartner der Schule, der Technischen Universit\u00e4t Clausthal, um einen Studienvorbereitungskurs zu besuchen. Dabei konnte sich der 17-J\u00e4hrige gemeinsam mit 17 weiteren jungen Leuten aus Deutschland Einblicke in die Studieng\u00e4nge Chemie, Energie und Materialphysik sowie Materialwissenschaft &hellip;<\/p>\n<\/div>","protected":false},"author":1,"featured_media":166610,"comment_status":"closed","ping_status":"closed","sticky":false,"template":"","format":"standard","meta":{"footnotes":""},"categories":[1],"tags":[],"class_list":["post-166604","post","type-post","status-publish","format-standard","has-post-thumbnail","hentry","category-startseite"],"_links":{"self":[{"href":"https:\/\/www.fuldaernachrichten.de\/index.php?rest_route=\/wp\/v2\/posts\/166604","targetHints":{"allow":["GET"]}}],"collection":[{"href":"https:\/\/www.fuldaernachrichten.de\/index.php?rest_route=\/wp\/v2\/posts"}],"about":[{"href":"https:\/\/www.fuldaernachrichten.de\/index.php?rest_route=\/wp\/v2\/types\/post"}],"author":[{"embeddable":true,"href":"https:\/\/www.fuldaernachrichten.de\/index.php?rest_route=\/wp\/v2\/users\/1"}],"replies":[{"embeddable":true,"href":"https:\/\/www.fuldaernachrichten.de\/index.php?rest_route=%2Fwp%2Fv2%2Fcomments&post=166604"}],"version-history":[{"count":1,"href":"https:\/\/www.fuldaernachrichten.de\/index.php?rest_route=\/wp\/v2\/posts\/166604\/revisions"}],"predecessor-version":[{"id":166611,"href":"https:\/\/www.fuldaernachrichten.de\/index.php?rest_route=\/wp\/v2\/posts\/166604\/revisions\/166611"}],"wp:featuredmedia":[{"embeddable":true,"href":"https:\/\/www.fuldaernachrichten.de\/index.php?rest_route=\/wp\/v2\/media\/166610"}],"wp:attachment":[{"href":"https:\/\/www.fuldaernachrichten.de\/index.php?rest_route=%2Fwp%2Fv2%2Fmedia&parent=166604"}],"wp:term":[{"taxonomy":"category","embeddable":true,"href":"https:\/\/www.fuldaernachrichten.de\/index.php?rest_route=%2Fwp%2Fv2%2Fcategories&post=166604"},{"taxonomy":"post_tag","embeddable":true,"href":"https:\/\/www.fuldaernachrichten.de\/index.php?rest_route=%2Fwp%2Fv2%2Ftags&post=166604"}],"curies":[{"name":"wp","href":"https:\/\/api.w.org\/{rel}","templated":true}]}}