{"id":166601,"date":"2017-08-21T20:43:39","date_gmt":"2017-08-21T18:43:39","guid":{"rendered":"http:\/\/www.fuldaer-nachrichten.de\/?p=166601"},"modified":"2017-08-21T20:43:39","modified_gmt":"2017-08-21T18:43:39","slug":"krankenhaus-dach-wird-saniert-landrat-manfred-goerig-kosten-belaufen-sich-auf-rund-13-millionen-euro","status":"publish","type":"post","link":"https:\/\/www.fuldaernachrichten.de\/?p=166601","title":{"rendered":"Krankenhaus-Dach wird saniert Landrat Manfred G\u00f6rig: Kosten belaufen sich auf rund 1,3 Millionen Euro"},"content":{"rendered":"<p>Die Baumaschinen sind angerollt, die Sanierung am Alsfelder Krankenhaus ist angelaufen. In einer Vorweg-Ma\u00dfnahme wird das Dach des 1982 er\u00f6ffneten Hauses saniert, dazu musste zun\u00e4chst der Baumbestand rund um die Klinik gef\u00e4llt werden. Die komplette Dachsanierung ist dringend notwendig, da das alte Dach an verschiedenen Stellen durchl\u00e4ssig geworden ist, schildert Landrat Manfred G\u00f6rig, er ist Aufsichtsratsvorsitzender der Krankenhaus GmbH, den Hintergrund. So mussten in der Vergangenheit in regelm\u00e4\u00dfigen Abst\u00e4nden  einzelne Bereiche oder Zimmer geschlossen werden.<\/p>\n<p>In der vergangenen Woche mussten B\u00e4ume und Str\u00e4ucher in einem drei Meter breiten Streifen rund um das Haus gerodet werden. N\u00f6tig waren diese Vorarbeiten, um neue Entw\u00e4sserungskan\u00e4le zu verlegen und Platz f\u00fcr das Aufstellen des Ger\u00fcstes zu bekommen.<br \/>\nNach aktueller Planung wird das neue Dach im ersten Halbjahr 2018 fertiggestellt. Die Kosten belaufen sich nach Angaben des Landrates auf rund 1,3 Millionen Euro, davon kommen gut 900.000 Euro aus der F\u00f6rderung des Kommunalen Investitionsprogramms des Bundes, die der Vogelsbergkreis dem Kreiskrankenhaus zur Verf\u00fcgung gestellt hat. <\/p>\n","protected":false},"excerpt":{"rendered":"<div class=\"tmnf_excerpt\"><p>Die Baumaschinen sind angerollt, die Sanierung am Alsfelder Krankenhaus ist angelaufen. In einer Vorweg-Ma\u00dfnahme wird das Dach des 1982 er\u00f6ffneten Hauses saniert, dazu musste zun\u00e4chst der Baumbestand rund um die Klinik gef\u00e4llt werden. Die komplette Dachsanierung ist dringend notwendig, da das alte Dach an verschiedenen Stellen durchl\u00e4ssig geworden ist, schildert Landrat Manfred G\u00f6rig, er ist &hellip;<\/p>\n<\/div>","protected":false},"author":1,"featured_media":166616,"comment_status":"closed","ping_status":"closed","sticky":false,"template":"","format":"standard","meta":{"footnotes":""},"categories":[1],"tags":[],"class_list":["post-166601","post","type-post","status-publish","format-standard","has-post-thumbnail","hentry","category-startseite"],"_links":{"self":[{"href":"https:\/\/www.fuldaernachrichten.de\/index.php?rest_route=\/wp\/v2\/posts\/166601","targetHints":{"allow":["GET"]}}],"collection":[{"href":"https:\/\/www.fuldaernachrichten.de\/index.php?rest_route=\/wp\/v2\/posts"}],"about":[{"href":"https:\/\/www.fuldaernachrichten.de\/index.php?rest_route=\/wp\/v2\/types\/post"}],"author":[{"embeddable":true,"href":"https:\/\/www.fuldaernachrichten.de\/index.php?rest_route=\/wp\/v2\/users\/1"}],"replies":[{"embeddable":true,"href":"https:\/\/www.fuldaernachrichten.de\/index.php?rest_route=%2Fwp%2Fv2%2Fcomments&post=166601"}],"version-history":[{"count":1,"href":"https:\/\/www.fuldaernachrichten.de\/index.php?rest_route=\/wp\/v2\/posts\/166601\/revisions"}],"predecessor-version":[{"id":166617,"href":"https:\/\/www.fuldaernachrichten.de\/index.php?rest_route=\/wp\/v2\/posts\/166601\/revisions\/166617"}],"wp:featuredmedia":[{"embeddable":true,"href":"https:\/\/www.fuldaernachrichten.de\/index.php?rest_route=\/wp\/v2\/media\/166616"}],"wp:attachment":[{"href":"https:\/\/www.fuldaernachrichten.de\/index.php?rest_route=%2Fwp%2Fv2%2Fmedia&parent=166601"}],"wp:term":[{"taxonomy":"category","embeddable":true,"href":"https:\/\/www.fuldaernachrichten.de\/index.php?rest_route=%2Fwp%2Fv2%2Fcategories&post=166601"},{"taxonomy":"post_tag","embeddable":true,"href":"https:\/\/www.fuldaernachrichten.de\/index.php?rest_route=%2Fwp%2Fv2%2Ftags&post=166601"}],"curies":[{"name":"wp","href":"https:\/\/api.w.org\/{rel}","templated":true}]}}