{"id":166590,"date":"2017-08-21T20:40:27","date_gmt":"2017-08-21T18:40:27","guid":{"rendered":"http:\/\/www.fuldaer-nachrichten.de\/?p=166590"},"modified":"2017-08-21T20:40:27","modified_gmt":"2017-08-21T18:40:27","slug":"wallfahrt-gehilfersberg","status":"publish","type":"post","link":"https:\/\/www.fuldaernachrichten.de\/?p=166590","title":{"rendered":"Wallfahrt Gehilfersberg"},"content":{"rendered":"<p>Zur  traditionellen Kolping-Bezirkswallfahrt am Sonntag, dem 27. August sind alle Mitglieder und Pfarrangeh\u00f6rigen herzlichst eingeladen. Zur gemeinsamen Abfahrt ist um 9.00 Uhr Treffpunkt am Marktplatz Burghaun. Wallfahrtsbeginn ist um 9.30 Uhr auf dem Anger in Rasdorf mit der Musikkapelle Gro\u00dfentaft. Zelebrant ist Pr\u00e4lat Reinhold Kircher, H\u00fcnfeld. Die Wallfahrt findet in diesem Jahr unter der Federf\u00fchrung der Kolpingsfamilie H\u00fcnfeld. Das Wallfahrtsessen ist in der Gastst\u00e4tte Stark.<\/p>\n","protected":false},"excerpt":{"rendered":"<div class=\"tmnf_excerpt\"><p>Zur traditionellen Kolping-Bezirkswallfahrt am Sonntag, dem 27. August sind alle Mitglieder und Pfarrangeh\u00f6rigen herzlichst eingeladen. Zur gemeinsamen Abfahrt ist um 9.00 Uhr Treffpunkt am Marktplatz Burghaun. Wallfahrtsbeginn ist um 9.30 Uhr auf dem Anger in Rasdorf mit der Musikkapelle Gro\u00dfentaft. Zelebrant ist Pr\u00e4lat Reinhold Kircher, H\u00fcnfeld. Die Wallfahrt findet in diesem Jahr unter der Federf\u00fchrung &hellip;<\/p>\n<\/div>","protected":false},"author":1,"featured_media":0,"comment_status":"closed","ping_status":"closed","sticky":false,"template":"","format":"standard","meta":{"footnotes":""},"categories":[1],"tags":[],"class_list":["post-166590","post","type-post","status-publish","format-standard","hentry","category-startseite"],"_links":{"self":[{"href":"https:\/\/www.fuldaernachrichten.de\/index.php?rest_route=\/wp\/v2\/posts\/166590","targetHints":{"allow":["GET"]}}],"collection":[{"href":"https:\/\/www.fuldaernachrichten.de\/index.php?rest_route=\/wp\/v2\/posts"}],"about":[{"href":"https:\/\/www.fuldaernachrichten.de\/index.php?rest_route=\/wp\/v2\/types\/post"}],"author":[{"embeddable":true,"href":"https:\/\/www.fuldaernachrichten.de\/index.php?rest_route=\/wp\/v2\/users\/1"}],"replies":[{"embeddable":true,"href":"https:\/\/www.fuldaernachrichten.de\/index.php?rest_route=%2Fwp%2Fv2%2Fcomments&post=166590"}],"version-history":[{"count":1,"href":"https:\/\/www.fuldaernachrichten.de\/index.php?rest_route=\/wp\/v2\/posts\/166590\/revisions"}],"predecessor-version":[{"id":166603,"href":"https:\/\/www.fuldaernachrichten.de\/index.php?rest_route=\/wp\/v2\/posts\/166590\/revisions\/166603"}],"wp:attachment":[{"href":"https:\/\/www.fuldaernachrichten.de\/index.php?rest_route=%2Fwp%2Fv2%2Fmedia&parent=166590"}],"wp:term":[{"taxonomy":"category","embeddable":true,"href":"https:\/\/www.fuldaernachrichten.de\/index.php?rest_route=%2Fwp%2Fv2%2Fcategories&post=166590"},{"taxonomy":"post_tag","embeddable":true,"href":"https:\/\/www.fuldaernachrichten.de\/index.php?rest_route=%2Fwp%2Fv2%2Ftags&post=166590"}],"curies":[{"name":"wp","href":"https:\/\/api.w.org\/{rel}","templated":true}]}}