{"id":166589,"date":"2017-08-21T20:39:52","date_gmt":"2017-08-21T18:39:52","guid":{"rendered":"http:\/\/www.fuldaer-nachrichten.de\/?p=166589"},"modified":"2017-08-21T20:39:52","modified_gmt":"2017-08-21T18:39:52","slug":"die-fahrrad-verkehrsschulung-der-kreisverkehrswacht-fulda-e-v-verwandelt-den-theresienhof-der-perspektiva-in-der-maberzeller-strasse-kurzfristig-zum-trainingsgelaende-fuer-fahrrad-neulinge","status":"publish","type":"post","link":"https:\/\/www.fuldaernachrichten.de\/?p=166589","title":{"rendered":"Die Fahrrad-Verkehrsschulung der Kreisverkehrswacht Fulda e.V. verwandelt den Theresienhof der Perspektiva in der Maberzeller Stra\u00dfe kurzfristig zum Trainingsgel\u00e4nde f\u00fcr Fahrrad-Neulinge"},"content":{"rendered":"<p>Mit zunehmendem Alter w\u00e4chst bei allen Jugendlichen der Wunsch gr\u00f6\u00dfere Distanzen aus eigener Kraft zur\u00fcckzulegen, sich mit anderen Jugendlichen zu treffen und kr\u00e4ftem\u00e4\u00dfig zu vergleichen. Das Fahrrad ist hier eine gute M\u00f6glichkeit diesem Bed\u00fcrfnis sportlich nachzukommen. Laut Bericht von Spiegel online verungl\u00fcckten im Jahr 2016 cirka 78 000 FahrradfahrerInnen im Stra\u00dfenverkehr. 15 000 Unf\u00e4lle davon verliefen mit schweren Verletzungen, 400 t\u00f6dlich. H\u00e4ufiger Grund der Unf\u00e4lle ist unsicheres oder falsches Verhalten im Stra\u00dfenverkehr. <\/p>\n<p>Damit sich junge FahrradfahrerInnen zuk\u00fcnftig sicher im Stra\u00dfenverkehr bewegen organisierte die Deutsche Verkehrswacht e. V. Fulda mit der Perspektiva GmbH eine mehrt\u00e4gige Ausbildung zum sicheren Fahrradfahren und Erlernen der Verkehrsregeln.<br \/>\nDie 15 Teilnehmer und Teilnehmerinnen kommen aus Eritrea, Somalia, Afghanistan, Iran und Syrien. Manche sind echte \u201eNeulinge\u201c auf dem Fahrrad. <\/p>\n<p>Der Theresienhof in Fulda bietet f\u00fcr alle eine gesch\u00fctzte Trainingsfl\u00e4che auf der Fahrrad-neulinge das Fahrradfahren in Ruhe erlernen k\u00f6nnen und fortgeschrittene Fahrer ihre Geschicklichkeit auf dem Rad und die sicherere Beherrschung des Fahrrades im Parcours zeigen k\u00f6nnen. <\/p>\n<p>Bevor sich die Ausbilder der Verkehrswacht mit den Fl\u00fcchtlingen in den flie\u00dfenden Stra\u00dfenverkehr nach Maberzell wagten, wurden zuvor wichtige Verkehrsregeln erlernt, sichere Fahrradhelme und Warnjacken verteilt. Im Stra\u00dfenverkehr zeigte sich, dass die Fl\u00fcchtlinge schon einiges von den M\u00e4nnern der Verkehrswacht gelernt hatten.<\/p>\n<p>Der besondere Dank geht an Gerhard Brink von der Kreisverkehrswacht Fulda, der im ehrenamtlichen Engagement unerm\u00fcdlich f\u00fcr die Verbreitung der Verkehrsregeln einsteht und dadurch zu einem geh\u00f6rigen St\u00fcck Integration beitr\u00e4gt.<\/p>\n","protected":false},"excerpt":{"rendered":"<div class=\"tmnf_excerpt\"><p>Mit zunehmendem Alter w\u00e4chst bei allen Jugendlichen der Wunsch gr\u00f6\u00dfere Distanzen aus eigener Kraft zur\u00fcckzulegen, sich mit anderen Jugendlichen zu treffen und kr\u00e4ftem\u00e4\u00dfig zu vergleichen. Das Fahrrad ist hier eine gute M\u00f6glichkeit diesem Bed\u00fcrfnis sportlich nachzukommen. Laut Bericht von Spiegel online verungl\u00fcckten im Jahr 2016 cirka 78 000 FahrradfahrerInnen im Stra\u00dfenverkehr. 15 000 Unf\u00e4lle davon &hellip;<\/p>\n<\/div>","protected":false},"author":1,"featured_media":166593,"comment_status":"closed","ping_status":"closed","sticky":false,"template":"","format":"gallery","meta":{"footnotes":""},"categories":[1],"tags":[],"class_list":["post-166589","post","type-post","status-publish","format-gallery","has-post-thumbnail","hentry","category-startseite","post_format-post-format-gallery"],"_links":{"self":[{"href":"https:\/\/www.fuldaernachrichten.de\/index.php?rest_route=\/wp\/v2\/posts\/166589","targetHints":{"allow":["GET"]}}],"collection":[{"href":"https:\/\/www.fuldaernachrichten.de\/index.php?rest_route=\/wp\/v2\/posts"}],"about":[{"href":"https:\/\/www.fuldaernachrichten.de\/index.php?rest_route=\/wp\/v2\/types\/post"}],"author":[{"embeddable":true,"href":"https:\/\/www.fuldaernachrichten.de\/index.php?rest_route=\/wp\/v2\/users\/1"}],"replies":[{"embeddable":true,"href":"https:\/\/www.fuldaernachrichten.de\/index.php?rest_route=%2Fwp%2Fv2%2Fcomments&post=166589"}],"version-history":[{"count":1,"href":"https:\/\/www.fuldaernachrichten.de\/index.php?rest_route=\/wp\/v2\/posts\/166589\/revisions"}],"predecessor-version":[{"id":166599,"href":"https:\/\/www.fuldaernachrichten.de\/index.php?rest_route=\/wp\/v2\/posts\/166589\/revisions\/166599"}],"wp:featuredmedia":[{"embeddable":true,"href":"https:\/\/www.fuldaernachrichten.de\/index.php?rest_route=\/wp\/v2\/media\/166593"}],"wp:attachment":[{"href":"https:\/\/www.fuldaernachrichten.de\/index.php?rest_route=%2Fwp%2Fv2%2Fmedia&parent=166589"}],"wp:term":[{"taxonomy":"category","embeddable":true,"href":"https:\/\/www.fuldaernachrichten.de\/index.php?rest_route=%2Fwp%2Fv2%2Fcategories&post=166589"},{"taxonomy":"post_tag","embeddable":true,"href":"https:\/\/www.fuldaernachrichten.de\/index.php?rest_route=%2Fwp%2Fv2%2Ftags&post=166589"}],"curies":[{"name":"wp","href":"https:\/\/api.w.org\/{rel}","templated":true}]}}