{"id":166586,"date":"2017-08-21T20:37:50","date_gmt":"2017-08-21T18:37:50","guid":{"rendered":"http:\/\/www.fuldaer-nachrichten.de\/?p=166586"},"modified":"2017-08-21T20:37:50","modified_gmt":"2017-08-21T18:37:50","slug":"von-oben-gesehen-gemeindefest-der-kreuzkirche-gott-du-stellst-meine-fuesse-auf-weiten-raum","status":"publish","type":"post","link":"https:\/\/www.fuldaernachrichten.de\/?p=166586","title":{"rendered":"\u201e\u00e2\u20ac\u00a6 von oben gesehen\u201c \u2013 Gemeindefest der Kreuzkirche Gott, du stellst meine F\u00fc\u00dfe auf weiten Raum"},"content":{"rendered":"<p>Am Sonntag, 27.8.2017, feiert die Kreuzkirchengemeinde ihr diesj\u00e4hriges Gemeindefest unter den Kastanien. Der Gottesdienst beginnt um 11.00 Uhr mit parallelem Kindergottesdienst. \u201eGott schaut \u00e2\u20ac\u0161von oben\u00e2\u20ac\u02dc und hat damit den \u00dcberblick\u201c, deutet Pfarrer Stefan B\u00fcrger seine Predigtgedanken an. Au\u00dferdem werde es auch einen kurzen thematischen Videoclip geben. Eingef\u00fchrt wird die neue K\u00fcsterin Olga Siemens, verabschiedet Jugendreferent Samuel K\u00fcmmel. Durch den Erweiterungsbau ist jetzt Platz f\u00fcr 350 Menschen.<\/p>\n<p>Musikalisch begleiten neben der Orgel der Posaunenchor der evangelischen Kirche die klassischen und modernen Lieder im Festgottesdienst. Anschlie\u00dfend gibt es neben kulinarischen Angeboten, Kaffee- und Kuchenspezialit\u00e4ten und Cr\u00c3\u00aapes auch Bastel- und Spielangebote f\u00fcr Kinder, sowie eine H\u00fcpfburg.<\/p>\n","protected":false},"excerpt":{"rendered":"<div class=\"tmnf_excerpt\"><p>Am Sonntag, 27.8.2017, feiert die Kreuzkirchengemeinde ihr diesj\u00e4hriges Gemeindefest unter den Kastanien. Der Gottesdienst beginnt um 11.00 Uhr mit parallelem Kindergottesdienst. \u201eGott schaut \u00e2\u20ac\u0161von oben\u00e2\u20ac\u02dc und hat damit den \u00dcberblick\u201c, deutet Pfarrer Stefan B\u00fcrger seine Predigtgedanken an. Au\u00dferdem werde es auch einen kurzen thematischen Videoclip geben. Eingef\u00fchrt wird die neue K\u00fcsterin Olga Siemens, verabschiedet Jugendreferent &hellip;<\/p>\n<\/div>","protected":false},"author":1,"featured_media":166587,"comment_status":"closed","ping_status":"closed","sticky":false,"template":"","format":"standard","meta":{"footnotes":""},"categories":[1],"tags":[],"class_list":["post-166586","post","type-post","status-publish","format-standard","has-post-thumbnail","hentry","category-startseite"],"_links":{"self":[{"href":"https:\/\/www.fuldaernachrichten.de\/index.php?rest_route=\/wp\/v2\/posts\/166586","targetHints":{"allow":["GET"]}}],"collection":[{"href":"https:\/\/www.fuldaernachrichten.de\/index.php?rest_route=\/wp\/v2\/posts"}],"about":[{"href":"https:\/\/www.fuldaernachrichten.de\/index.php?rest_route=\/wp\/v2\/types\/post"}],"author":[{"embeddable":true,"href":"https:\/\/www.fuldaernachrichten.de\/index.php?rest_route=\/wp\/v2\/users\/1"}],"replies":[{"embeddable":true,"href":"https:\/\/www.fuldaernachrichten.de\/index.php?rest_route=%2Fwp%2Fv2%2Fcomments&post=166586"}],"version-history":[{"count":1,"href":"https:\/\/www.fuldaernachrichten.de\/index.php?rest_route=\/wp\/v2\/posts\/166586\/revisions"}],"predecessor-version":[{"id":166588,"href":"https:\/\/www.fuldaernachrichten.de\/index.php?rest_route=\/wp\/v2\/posts\/166586\/revisions\/166588"}],"wp:featuredmedia":[{"embeddable":true,"href":"https:\/\/www.fuldaernachrichten.de\/index.php?rest_route=\/wp\/v2\/media\/166587"}],"wp:attachment":[{"href":"https:\/\/www.fuldaernachrichten.de\/index.php?rest_route=%2Fwp%2Fv2%2Fmedia&parent=166586"}],"wp:term":[{"taxonomy":"category","embeddable":true,"href":"https:\/\/www.fuldaernachrichten.de\/index.php?rest_route=%2Fwp%2Fv2%2Fcategories&post=166586"},{"taxonomy":"post_tag","embeddable":true,"href":"https:\/\/www.fuldaernachrichten.de\/index.php?rest_route=%2Fwp%2Fv2%2Ftags&post=166586"}],"curies":[{"name":"wp","href":"https:\/\/api.w.org\/{rel}","templated":true}]}}