{"id":166576,"date":"2017-08-21T20:36:39","date_gmt":"2017-08-21T18:36:39","guid":{"rendered":"http:\/\/www.fuldaer-nachrichten.de\/?p=166576"},"modified":"2017-08-21T20:36:39","modified_gmt":"2017-08-21T18:36:39","slug":"bewohner-aus-dem-ostend-organisieren-stadtteilflohmarkt-gebrauchtes-sucht-neuen-besitzer","status":"publish","type":"post","link":"https:\/\/www.fuldaernachrichten.de\/?p=166576","title":{"rendered":"Bewohner aus dem Ostend organisieren Stadtteilflohmarkt &#8211; Gebrauchtes sucht neuen Besitzer"},"content":{"rendered":"<p>Der Bewohner-Treff (Am Jagdstein 18) und engagierte Bewohnerinnen aus dem Fuldaer Stadtteil Ostend laden zum Flohmarkt am Samstag, 3. September, von 13 bis 16 Uhr ein.<br \/>\nIn den gem\u00fctlichen R\u00e4umen des Bewohner-Treffs an der Ecke Am Kleegarten\/Am Jagdstein gibt es Kleider, B\u00fccher, Brettspiele, Schmuck, Geschirr, Bilderrahmen und vieles mehr. Auch f\u00fcr das leibliche Wohl ist gesorgt, da die Bewohner Kaffee und Kuchen organisieren.<br \/>\nDer neue Bewohner-Treff ist ein Projekt der Stadt Fulda, das vom Hessischen Ministerium f\u00fcr Soziales und Integration gef\u00f6rdert und unterst\u00fctzt wird.<br \/>\nWeitere Infos unter Telefon (0661) 25030725 sowie unter www.sozialestadt-fulda.de.<\/p>\n","protected":false},"excerpt":{"rendered":"<div class=\"tmnf_excerpt\"><p>Der Bewohner-Treff (Am Jagdstein 18) und engagierte Bewohnerinnen aus dem Fuldaer Stadtteil Ostend laden zum Flohmarkt am Samstag, 3. September, von 13 bis 16 Uhr ein. In den gem\u00fctlichen R\u00e4umen des Bewohner-Treffs an der Ecke Am Kleegarten\/Am Jagdstein gibt es Kleider, B\u00fccher, Brettspiele, Schmuck, Geschirr, Bilderrahmen und vieles mehr. Auch f\u00fcr das leibliche Wohl ist &hellip;<\/p>\n<\/div>","protected":false},"author":1,"featured_media":166582,"comment_status":"closed","ping_status":"closed","sticky":false,"template":"","format":"standard","meta":{"footnotes":""},"categories":[1],"tags":[],"class_list":["post-166576","post","type-post","status-publish","format-standard","has-post-thumbnail","hentry","category-startseite"],"_links":{"self":[{"href":"https:\/\/www.fuldaernachrichten.de\/index.php?rest_route=\/wp\/v2\/posts\/166576","targetHints":{"allow":["GET"]}}],"collection":[{"href":"https:\/\/www.fuldaernachrichten.de\/index.php?rest_route=\/wp\/v2\/posts"}],"about":[{"href":"https:\/\/www.fuldaernachrichten.de\/index.php?rest_route=\/wp\/v2\/types\/post"}],"author":[{"embeddable":true,"href":"https:\/\/www.fuldaernachrichten.de\/index.php?rest_route=\/wp\/v2\/users\/1"}],"replies":[{"embeddable":true,"href":"https:\/\/www.fuldaernachrichten.de\/index.php?rest_route=%2Fwp%2Fv2%2Fcomments&post=166576"}],"version-history":[{"count":1,"href":"https:\/\/www.fuldaernachrichten.de\/index.php?rest_route=\/wp\/v2\/posts\/166576\/revisions"}],"predecessor-version":[{"id":166583,"href":"https:\/\/www.fuldaernachrichten.de\/index.php?rest_route=\/wp\/v2\/posts\/166576\/revisions\/166583"}],"wp:featuredmedia":[{"embeddable":true,"href":"https:\/\/www.fuldaernachrichten.de\/index.php?rest_route=\/wp\/v2\/media\/166582"}],"wp:attachment":[{"href":"https:\/\/www.fuldaernachrichten.de\/index.php?rest_route=%2Fwp%2Fv2%2Fmedia&parent=166576"}],"wp:term":[{"taxonomy":"category","embeddable":true,"href":"https:\/\/www.fuldaernachrichten.de\/index.php?rest_route=%2Fwp%2Fv2%2Fcategories&post=166576"},{"taxonomy":"post_tag","embeddable":true,"href":"https:\/\/www.fuldaernachrichten.de\/index.php?rest_route=%2Fwp%2Fv2%2Ftags&post=166576"}],"curies":[{"name":"wp","href":"https:\/\/api.w.org\/{rel}","templated":true}]}}