{"id":166571,"date":"2017-08-21T20:36:07","date_gmt":"2017-08-21T18:36:07","guid":{"rendered":"http:\/\/www.fuldaer-nachrichten.de\/?p=166571"},"modified":"2017-08-21T20:36:07","modified_gmt":"2017-08-21T18:36:07","slug":"musikalische-frueherziehung-an-der-musikschule-der-stadt-fulda-noch-plaetze-frei","status":"publish","type":"post","link":"https:\/\/www.fuldaernachrichten.de\/?p=166571","title":{"rendered":"Musikalische Fr\u00fcherziehung an der Musikschule der Stadt Fulda &#8211; Noch Pl\u00e4tze frei"},"content":{"rendered":"<p>Die Musikalische Fr\u00fcherziehung ist ein Musikalisierungsangebot der Musikschule der Stadt Fulda f\u00fcr Kinder ab 4 Jahren. \u00dcber die Dauer von zwei Schuljahren lernen die Teilnehmenden viele Lieder kennen, die sie singen, musizieren oder tanzen. <\/p>\n<p>Sie sch\u00e4rfen dabei Ihre Wahrnehmung, m\u00fcssen sich mit rhythmisch und klanglich anderen Spielerinnen und Spielern verst\u00e4ndigen, werden motorisch altersgem\u00e4\u00df gefordert und werden mit spielerischer Leichtigkeit auf das Erlernen eines Instrumentes vorbereitet. Diese werden ihnen von den Musikschullehrkr\u00e4ften auch in einer kurzen Pr\u00e4sentation vorgestellt. <\/p>\n<p>Der Kurs findet mittwochs von 15.45 bis 16.45 Uhr statt. Angebote zu einem Informationsgespr\u00e4ch sowie Schnupperm\u00f6glichkeiten gibt es unter der Telefonnummer (0661) 102-1412 oder per E-Mail an musikschule@fulda.de.<\/p>\n","protected":false},"excerpt":{"rendered":"<div class=\"tmnf_excerpt\"><p>Die Musikalische Fr\u00fcherziehung ist ein Musikalisierungsangebot der Musikschule der Stadt Fulda f\u00fcr Kinder ab 4 Jahren. \u00dcber die Dauer von zwei Schuljahren lernen die Teilnehmenden viele Lieder kennen, die sie singen, musizieren oder tanzen. Sie sch\u00e4rfen dabei Ihre Wahrnehmung, m\u00fcssen sich mit rhythmisch und klanglich anderen Spielerinnen und Spielern verst\u00e4ndigen, werden motorisch altersgem\u00e4\u00df gefordert und &hellip;<\/p>\n<\/div>","protected":false},"author":1,"featured_media":166578,"comment_status":"closed","ping_status":"closed","sticky":false,"template":"","format":"standard","meta":{"footnotes":""},"categories":[1],"tags":[],"class_list":["post-166571","post","type-post","status-publish","format-standard","has-post-thumbnail","hentry","category-startseite"],"_links":{"self":[{"href":"https:\/\/www.fuldaernachrichten.de\/index.php?rest_route=\/wp\/v2\/posts\/166571","targetHints":{"allow":["GET"]}}],"collection":[{"href":"https:\/\/www.fuldaernachrichten.de\/index.php?rest_route=\/wp\/v2\/posts"}],"about":[{"href":"https:\/\/www.fuldaernachrichten.de\/index.php?rest_route=\/wp\/v2\/types\/post"}],"author":[{"embeddable":true,"href":"https:\/\/www.fuldaernachrichten.de\/index.php?rest_route=\/wp\/v2\/users\/1"}],"replies":[{"embeddable":true,"href":"https:\/\/www.fuldaernachrichten.de\/index.php?rest_route=%2Fwp%2Fv2%2Fcomments&post=166571"}],"version-history":[{"count":1,"href":"https:\/\/www.fuldaernachrichten.de\/index.php?rest_route=\/wp\/v2\/posts\/166571\/revisions"}],"predecessor-version":[{"id":166579,"href":"https:\/\/www.fuldaernachrichten.de\/index.php?rest_route=\/wp\/v2\/posts\/166571\/revisions\/166579"}],"wp:featuredmedia":[{"embeddable":true,"href":"https:\/\/www.fuldaernachrichten.de\/index.php?rest_route=\/wp\/v2\/media\/166578"}],"wp:attachment":[{"href":"https:\/\/www.fuldaernachrichten.de\/index.php?rest_route=%2Fwp%2Fv2%2Fmedia&parent=166571"}],"wp:term":[{"taxonomy":"category","embeddable":true,"href":"https:\/\/www.fuldaernachrichten.de\/index.php?rest_route=%2Fwp%2Fv2%2Fcategories&post=166571"},{"taxonomy":"post_tag","embeddable":true,"href":"https:\/\/www.fuldaernachrichten.de\/index.php?rest_route=%2Fwp%2Fv2%2Ftags&post=166571"}],"curies":[{"name":"wp","href":"https:\/\/api.w.org\/{rel}","templated":true}]}}