{"id":166566,"date":"2017-08-21T20:35:40","date_gmt":"2017-08-21T18:35:40","guid":{"rendered":"http:\/\/www.fuldaer-nachrichten.de\/?p=166566"},"modified":"2017-08-21T20:35:40","modified_gmt":"2017-08-21T18:35:40","slug":"erhebliche-schaeden-jetzt-neue-loesung-fuer-karrystrasse","status":"publish","type":"post","link":"https:\/\/www.fuldaernachrichten.de\/?p=166566","title":{"rendered":"Erhebliche Sch\u00e4den \u2013 jetzt neue L\u00f6sung f\u00fcr Karrystra\u00dfe"},"content":{"rendered":"<p>Aufgrund der bei der Sanierung zu Tage getretenen erheblichen Sch\u00e4den an der Fahrbahn der Karrystra\u00dfe an der Br\u00fccke \u00fcber die Vogelsbergbahnstrecke geht die Bauverwaltung der Stadt Fulda nun einen neuen Weg: Anstelle der urspr\u00fcnglich geplanten grundhaften Sanierung der Br\u00fcckenfahrbahn, die eine noch eine erheblich l\u00e4ngere Zeit der Vollsperrung bedeutet h\u00e4tte, ist nun eine einfachere und zugleich schnellere L\u00f6sung geplant. <\/p>\n<p>Wie Stadtbaurat Daniel Schreiner heute bei einem Ortstermin mit Vertretern des Tiefabauamts und der bauausf\u00fchrenden Firmen besprach, soll die Fahrbahn lediglich eine sogenannte Hohlkehlenabdichtung zu den R\u00e4ndern der Br\u00fccke hin sowie eine Gussasphalt- und Asphaltbetonschicht bekommen. Geeignete Witterung vorausgesetzt, k\u00f6nnte die Vollsperrung der Karrystra\u00dfe (und damit eines Teils des Westrings) Ende n\u00e4chster Woche aufgehoben werden. <\/p>\n<p>\u201eAngesichts der Wechselwirkung dieser Sperrung mit anderen Baustellen in der Stadt, etwa in der Bardostra\u00dfe, ist es unser Ziel, die Strecke m\u00f6glichst schnell wieder frei zu bekommen. Die Sicherheit f\u00fcr alle Verkehrsteilnehmer ist auch bei der raschen Variante der Sanierung auf jeden Fall gew\u00e4hrleistet\u201c, sagte Schreiner. Durch das Vorgehen gewinne man Zeit, um f\u00fcr das Br\u00fcckenbauwerk einen detaillierten Sanierungsplan aufstellen zu k\u00f6nnen, der dann mittelfristig umgesetzt werde. Nicht zuletzt aufgrund der ung\u00fcnstigen Witterung in den vergangenen Wochen hatte sich der aufgebrachte Spezialm\u00f6rtel nicht mit der n\u00f6tigen Intensit\u00e4t mit dem Untermaterial verbunden. Ein Festhalten an dem geplanten Sanierungsverfahren h\u00e4tte eine weitere Verz\u00f6gerung um mehrere Wochen bedeutet.<br \/>\nDie Stadt Fulda bittet alle Verkehrsteilnehmer sowie die Unternehmen im Industriepark West um Verst\u00e4ndnis und hofft, nun eine Zwischenl\u00f6sung gefunden zu haben, die sowohl den berechtigten Interessen der Verkehrsteilnehmer als auch den Erfordenissen der Sicherheit gerecht wird. <\/p>\n","protected":false},"excerpt":{"rendered":"<div class=\"tmnf_excerpt\"><p>Aufgrund der bei der Sanierung zu Tage getretenen erheblichen Sch\u00e4den an der Fahrbahn der Karrystra\u00dfe an der Br\u00fccke \u00fcber die Vogelsbergbahnstrecke geht die Bauverwaltung der Stadt Fulda nun einen neuen Weg: Anstelle der urspr\u00fcnglich geplanten grundhaften Sanierung der Br\u00fcckenfahrbahn, die eine noch eine erheblich l\u00e4ngere Zeit der Vollsperrung bedeutet h\u00e4tte, ist nun eine einfachere und &hellip;<\/p>\n<\/div>","protected":false},"author":1,"featured_media":166568,"comment_status":"closed","ping_status":"closed","sticky":false,"template":"","format":"gallery","meta":{"footnotes":""},"categories":[1],"tags":[],"class_list":["post-166566","post","type-post","status-publish","format-gallery","has-post-thumbnail","hentry","category-startseite","post_format-post-format-gallery"],"_links":{"self":[{"href":"https:\/\/www.fuldaernachrichten.de\/index.php?rest_route=\/wp\/v2\/posts\/166566","targetHints":{"allow":["GET"]}}],"collection":[{"href":"https:\/\/www.fuldaernachrichten.de\/index.php?rest_route=\/wp\/v2\/posts"}],"about":[{"href":"https:\/\/www.fuldaernachrichten.de\/index.php?rest_route=\/wp\/v2\/types\/post"}],"author":[{"embeddable":true,"href":"https:\/\/www.fuldaernachrichten.de\/index.php?rest_route=\/wp\/v2\/users\/1"}],"replies":[{"embeddable":true,"href":"https:\/\/www.fuldaernachrichten.de\/index.php?rest_route=%2Fwp%2Fv2%2Fcomments&post=166566"}],"version-history":[{"count":1,"href":"https:\/\/www.fuldaernachrichten.de\/index.php?rest_route=\/wp\/v2\/posts\/166566\/revisions"}],"predecessor-version":[{"id":166577,"href":"https:\/\/www.fuldaernachrichten.de\/index.php?rest_route=\/wp\/v2\/posts\/166566\/revisions\/166577"}],"wp:featuredmedia":[{"embeddable":true,"href":"https:\/\/www.fuldaernachrichten.de\/index.php?rest_route=\/wp\/v2\/media\/166568"}],"wp:attachment":[{"href":"https:\/\/www.fuldaernachrichten.de\/index.php?rest_route=%2Fwp%2Fv2%2Fmedia&parent=166566"}],"wp:term":[{"taxonomy":"category","embeddable":true,"href":"https:\/\/www.fuldaernachrichten.de\/index.php?rest_route=%2Fwp%2Fv2%2Fcategories&post=166566"},{"taxonomy":"post_tag","embeddable":true,"href":"https:\/\/www.fuldaernachrichten.de\/index.php?rest_route=%2Fwp%2Fv2%2Ftags&post=166566"}],"curies":[{"name":"wp","href":"https:\/\/api.w.org\/{rel}","templated":true}]}}