{"id":166565,"date":"2017-08-21T20:35:27","date_gmt":"2017-08-21T18:35:27","guid":{"rendered":"http:\/\/www.fuldaer-nachrichten.de\/?p=166565"},"modified":"2017-08-21T20:35:27","modified_gmt":"2017-08-21T18:35:27","slug":"kurse-in-alexander-technik","status":"publish","type":"post","link":"https:\/\/www.fuldaernachrichten.de\/?p=166565","title":{"rendered":"Kurse in Alexander-Technik"},"content":{"rendered":"<p>Die Alexander-Technik ist eine bew\u00e4hrte Methode zur Verbesserung der Koordination, zum Abbau von einseitigen Belastungen und zur Vermeidung von Stress \u2013 insbesondere f\u00fcr Musikerinnen und Musiker, aber beispielsweise auch f\u00fcr Menschen, die einer B\u00fcrot\u00e4tigkeit nachgehen. F\u00fcr das kommende Schuljahr der Musikschule der Stadt Fulda wurden mehrere Themenkurse ausgearbeitet, welche die Bed\u00fcrfnisse der verschiedenen Zielgruppen ber\u00fccksichtigen. <\/p>\n<p>Am Mittwoch, 27. August, in der Zeit von 19.30 bis 21 Uhr findet dazu unter der Leitung von Christa Rahlf ein Einf\u00fchrungs-Workshop in der Musikschule Fulda statt, bei dem die Teilnehmer nach einem Einf\u00fchrungsreferat eine praktische Einzelunterweisung erhalten.<br \/>\nDer Halbtageskurs f\u00fcr S\u00e4nger \u201eSinge, wem Gesang gegeben\u201c findet am Samstag, 28. Oktober 2017, von 10 bis 13 Uhr statt. Diejenigen, die den Weg zur perfekten Vortragsstimme finden m\u00f6chten, sind zum Halbtageskurs am Samstag, 27. Januar 2018, von 10 bis 13 Uhr eingeladen. Beim Kurs am Dienstag, 26. September 2017, von 10 bis 13 Uhr liegt der Schwerpunkt bei Techniken, von denen beispielsweise auch Hobbyradler profitieren k\u00f6nnen.<br \/>\nAlle, die fundierte Kenntnisse erwerben m\u00f6chten, k\u00f6nnen einen der vier Monatskurse belegen: Alexander-Technik f\u00fcr Yoga-\u00dcbende, f\u00fcr Menschen in sitzender Berufst\u00e4tigkeit, f\u00fcr Menschen mit R\u00fcckenproblemen oder diejenigen, die den Stress reduzieren m\u00f6chten. Alle Termine und weitere Informationen erhalten Sie unter Telefon: (0661) 102-1412. Da die Teilnehmerzahl begrenzt ist, ist eine Anmeldung erforderlich. <\/p>\n","protected":false},"excerpt":{"rendered":"<div class=\"tmnf_excerpt\"><p>Die Alexander-Technik ist eine bew\u00e4hrte Methode zur Verbesserung der Koordination, zum Abbau von einseitigen Belastungen und zur Vermeidung von Stress \u2013 insbesondere f\u00fcr Musikerinnen und Musiker, aber beispielsweise auch f\u00fcr Menschen, die einer B\u00fcrot\u00e4tigkeit nachgehen. F\u00fcr das kommende Schuljahr der Musikschule der Stadt Fulda wurden mehrere Themenkurse ausgearbeitet, welche die Bed\u00fcrfnisse der verschiedenen Zielgruppen ber\u00fccksichtigen. &hellip;<\/p>\n<\/div>","protected":false},"author":1,"featured_media":166574,"comment_status":"closed","ping_status":"closed","sticky":false,"template":"","format":"standard","meta":{"footnotes":""},"categories":[1],"tags":[],"class_list":["post-166565","post","type-post","status-publish","format-standard","has-post-thumbnail","hentry","category-startseite"],"_links":{"self":[{"href":"https:\/\/www.fuldaernachrichten.de\/index.php?rest_route=\/wp\/v2\/posts\/166565","targetHints":{"allow":["GET"]}}],"collection":[{"href":"https:\/\/www.fuldaernachrichten.de\/index.php?rest_route=\/wp\/v2\/posts"}],"about":[{"href":"https:\/\/www.fuldaernachrichten.de\/index.php?rest_route=\/wp\/v2\/types\/post"}],"author":[{"embeddable":true,"href":"https:\/\/www.fuldaernachrichten.de\/index.php?rest_route=\/wp\/v2\/users\/1"}],"replies":[{"embeddable":true,"href":"https:\/\/www.fuldaernachrichten.de\/index.php?rest_route=%2Fwp%2Fv2%2Fcomments&post=166565"}],"version-history":[{"count":1,"href":"https:\/\/www.fuldaernachrichten.de\/index.php?rest_route=\/wp\/v2\/posts\/166565\/revisions"}],"predecessor-version":[{"id":166575,"href":"https:\/\/www.fuldaernachrichten.de\/index.php?rest_route=\/wp\/v2\/posts\/166565\/revisions\/166575"}],"wp:featuredmedia":[{"embeddable":true,"href":"https:\/\/www.fuldaernachrichten.de\/index.php?rest_route=\/wp\/v2\/media\/166574"}],"wp:attachment":[{"href":"https:\/\/www.fuldaernachrichten.de\/index.php?rest_route=%2Fwp%2Fv2%2Fmedia&parent=166565"}],"wp:term":[{"taxonomy":"category","embeddable":true,"href":"https:\/\/www.fuldaernachrichten.de\/index.php?rest_route=%2Fwp%2Fv2%2Fcategories&post=166565"},{"taxonomy":"post_tag","embeddable":true,"href":"https:\/\/www.fuldaernachrichten.de\/index.php?rest_route=%2Fwp%2Fv2%2Ftags&post=166565"}],"curies":[{"name":"wp","href":"https:\/\/api.w.org\/{rel}","templated":true}]}}