{"id":166564,"date":"2017-08-21T20:35:02","date_gmt":"2017-08-21T18:35:02","guid":{"rendered":"http:\/\/www.fuldaer-nachrichten.de\/?p=166564"},"modified":"2017-08-21T20:35:02","modified_gmt":"2017-08-21T18:35:02","slug":"stadtteilfest-unter-dem-motto-wir-in-ziehers-sued","status":"publish","type":"post","link":"https:\/\/www.fuldaernachrichten.de\/?p=166564","title":{"rendered":"Stadtteilfest unter dem Motto \u201eWir in Ziehers-S\u00fcd\u201c"},"content":{"rendered":"<p>\u201eWir in Ziehers-S\u00fcd\u201c hei\u00dft das Motto des neuen Stadtteilfestes das am Samstag, 26. August, auf dem Vorplatz zwischen den zwei Kindergartenst\u00e4tten St. Pius und den \u201eHobbits\u201c (Dingelstedtstra\u00dfe) ab 13 Uhr stattfinden wird. <\/p>\n<p>F\u00fcr die Vorbereitungen hatte sich eine Gruppe der Vertreter von sozialen Einrichtungen und der Bewohner zusammengeschlossen. Das Fest wird von Fuldas B\u00fcrgermeister Dag Wehner er\u00f6ffnet. Alle Interessierten sind zu einem vielf\u00e4ltigen B\u00fchnenprogramm f\u00fcr Jung &#038; Alt, sowie zum symbolischen Ersten Spatenstich f\u00fcr das zuk\u00fcnftige Quartierszentrum eingeladen. <\/p>\n","protected":false},"excerpt":{"rendered":"<div class=\"tmnf_excerpt\"><p>\u201eWir in Ziehers-S\u00fcd\u201c hei\u00dft das Motto des neuen Stadtteilfestes das am Samstag, 26. August, auf dem Vorplatz zwischen den zwei Kindergartenst\u00e4tten St. Pius und den \u201eHobbits\u201c (Dingelstedtstra\u00dfe) ab 13 Uhr stattfinden wird. F\u00fcr die Vorbereitungen hatte sich eine Gruppe der Vertreter von sozialen Einrichtungen und der Bewohner zusammengeschlossen. Das Fest wird von Fuldas B\u00fcrgermeister Dag &hellip;<\/p>\n<\/div>","protected":false},"author":1,"featured_media":166572,"comment_status":"closed","ping_status":"closed","sticky":false,"template":"","format":"standard","meta":{"footnotes":""},"categories":[1],"tags":[],"class_list":["post-166564","post","type-post","status-publish","format-standard","has-post-thumbnail","hentry","category-startseite"],"_links":{"self":[{"href":"https:\/\/www.fuldaernachrichten.de\/index.php?rest_route=\/wp\/v2\/posts\/166564","targetHints":{"allow":["GET"]}}],"collection":[{"href":"https:\/\/www.fuldaernachrichten.de\/index.php?rest_route=\/wp\/v2\/posts"}],"about":[{"href":"https:\/\/www.fuldaernachrichten.de\/index.php?rest_route=\/wp\/v2\/types\/post"}],"author":[{"embeddable":true,"href":"https:\/\/www.fuldaernachrichten.de\/index.php?rest_route=\/wp\/v2\/users\/1"}],"replies":[{"embeddable":true,"href":"https:\/\/www.fuldaernachrichten.de\/index.php?rest_route=%2Fwp%2Fv2%2Fcomments&post=166564"}],"version-history":[{"count":1,"href":"https:\/\/www.fuldaernachrichten.de\/index.php?rest_route=\/wp\/v2\/posts\/166564\/revisions"}],"predecessor-version":[{"id":166573,"href":"https:\/\/www.fuldaernachrichten.de\/index.php?rest_route=\/wp\/v2\/posts\/166564\/revisions\/166573"}],"wp:featuredmedia":[{"embeddable":true,"href":"https:\/\/www.fuldaernachrichten.de\/index.php?rest_route=\/wp\/v2\/media\/166572"}],"wp:attachment":[{"href":"https:\/\/www.fuldaernachrichten.de\/index.php?rest_route=%2Fwp%2Fv2%2Fmedia&parent=166564"}],"wp:term":[{"taxonomy":"category","embeddable":true,"href":"https:\/\/www.fuldaernachrichten.de\/index.php?rest_route=%2Fwp%2Fv2%2Fcategories&post=166564"},{"taxonomy":"post_tag","embeddable":true,"href":"https:\/\/www.fuldaernachrichten.de\/index.php?rest_route=%2Fwp%2Fv2%2Ftags&post=166564"}],"curies":[{"name":"wp","href":"https:\/\/api.w.org\/{rel}","templated":true}]}}