{"id":166555,"date":"2017-08-21T20:34:27","date_gmt":"2017-08-21T18:34:27","guid":{"rendered":"http:\/\/www.fuldaer-nachrichten.de\/?p=166555"},"modified":"2017-08-21T20:34:27","modified_gmt":"2017-08-21T18:34:27","slug":"staatssekretaer-dr-wolfgang-dippel-besucht-familienzentrum-ebersburg-familienzentren-passen-sich-den-beduerfnissen-aller-generationen-an-um-die-lebens-und-wohnqualitaet-vor-ort-nachhaltig","status":"publish","type":"post","link":"https:\/\/www.fuldaernachrichten.de\/?p=166555","title":{"rendered":"Staatssekret\u00e4r Dr. Wolfgang Dippel besucht Familienzentrum Ebersburg: \u201eFamilienzentren passen sich den Bed\u00fcrfnissen aller Generationen an, um die Lebens- und Wohnqualit\u00e4t vor Ort nachhaltig zu verbessern\u201c"},"content":{"rendered":"<p>Dr. Wolfgang Dippel, Staatssekret\u00e4r im Hessischen Ministerium f\u00fcr Soziales und Integration, hat sich heute vor Ort \u00fcber die Arbeit des Familienzentrums Ebersburg informiert. \u201eFamilienzentren passen sich den Bed\u00fcrfnissen aller Generationen an, um somit die Lebens- und Wohnqualit\u00e4t vor Ort nachhaltig zu verbessern\u201c, betonte Dr. Dippel. \u201eDaher f\u00f6rdern wir als Landesregierung bewusst Familienzentren und Mehrgenerationenh\u00e4user, deren Angebote alle Familien und Generationen ansprechen.\u201c<\/p>\n<p>Tr\u00e4ger des Familienzentrums Ebersburg ist die Gemeinde Ebersburg. Auf Grund der Lage im l\u00e4ndlichen Raum koordiniert, informiert und verbindet das Familienzentrum ortsteil\u00fcbergreifend viele Angebote und tr\u00e4gt so zu einem gelingende Miteinander in der l\u00e4ndlichen Region bei. Im Familienzentrum werden bedarfsgerechte Angebote zur  Verbesserung der Vereinbarkeit von Familie und Beruf, Pr\u00e4vention durch Information, Bildung und Beratung, St\u00e4rkung der Erziehungskompetenz, Gesundheitsf\u00f6rderung und Integration bzw. Inklusion entwickelt. Es bestehen gute Vernetzungen mit anderen Akteuren vor Ort, die auch Angebote f\u00fcr Familien und alle Generationen anbieten, wie zum Beispiel dem Generationenverein \u201eMiteinander F\u00fcreinander Oberes Fuldatal e.V.\u201c, dem Rumpelmobil oder dem  Wanderclub durch Feld und Flur Ebersburg.<\/p>\n<p>Hessen f\u00f6rdert seit 2011 Familienzentren. Die Hessische Landesregierung wird im laufenden Jahr 141 Familienzentren und Fortbildungen, Vernetzungstreffen etc. mit insgesamt rund 2 Millionen Euro f\u00f6rdern. Durch die Landesf\u00f6rderung werden Familienzentren mit bis zu 13.000 Euro pro Einrichtung und Jahr finanziell unterst\u00fctzt. Familienzentren finden sich sowohl im st\u00e4dtischen Bereich als auch in l\u00e4ndlichen Regionen.<\/p>\n","protected":false},"excerpt":{"rendered":"<div class=\"tmnf_excerpt\"><p>Dr. Wolfgang Dippel, Staatssekret\u00e4r im Hessischen Ministerium f\u00fcr Soziales und Integration, hat sich heute vor Ort \u00fcber die Arbeit des Familienzentrums Ebersburg informiert. \u201eFamilienzentren passen sich den Bed\u00fcrfnissen aller Generationen an, um somit die Lebens- und Wohnqualit\u00e4t vor Ort nachhaltig zu verbessern\u201c, betonte Dr. Dippel. \u201eDaher f\u00f6rdern wir als Landesregierung bewusst Familienzentren und Mehrgenerationenh\u00e4user, deren &hellip;<\/p>\n<\/div>","protected":false},"author":1,"featured_media":0,"comment_status":"closed","ping_status":"closed","sticky":false,"template":"","format":"standard","meta":{"footnotes":""},"categories":[1],"tags":[],"class_list":["post-166555","post","type-post","status-publish","format-standard","hentry","category-startseite"],"_links":{"self":[{"href":"https:\/\/www.fuldaernachrichten.de\/index.php?rest_route=\/wp\/v2\/posts\/166555","targetHints":{"allow":["GET"]}}],"collection":[{"href":"https:\/\/www.fuldaernachrichten.de\/index.php?rest_route=\/wp\/v2\/posts"}],"about":[{"href":"https:\/\/www.fuldaernachrichten.de\/index.php?rest_route=\/wp\/v2\/types\/post"}],"author":[{"embeddable":true,"href":"https:\/\/www.fuldaernachrichten.de\/index.php?rest_route=\/wp\/v2\/users\/1"}],"replies":[{"embeddable":true,"href":"https:\/\/www.fuldaernachrichten.de\/index.php?rest_route=%2Fwp%2Fv2%2Fcomments&post=166555"}],"version-history":[{"count":1,"href":"https:\/\/www.fuldaernachrichten.de\/index.php?rest_route=\/wp\/v2\/posts\/166555\/revisions"}],"predecessor-version":[{"id":166570,"href":"https:\/\/www.fuldaernachrichten.de\/index.php?rest_route=\/wp\/v2\/posts\/166555\/revisions\/166570"}],"wp:attachment":[{"href":"https:\/\/www.fuldaernachrichten.de\/index.php?rest_route=%2Fwp%2Fv2%2Fmedia&parent=166555"}],"wp:term":[{"taxonomy":"category","embeddable":true,"href":"https:\/\/www.fuldaernachrichten.de\/index.php?rest_route=%2Fwp%2Fv2%2Fcategories&post=166555"},{"taxonomy":"post_tag","embeddable":true,"href":"https:\/\/www.fuldaernachrichten.de\/index.php?rest_route=%2Fwp%2Fv2%2Ftags&post=166555"}],"curies":[{"name":"wp","href":"https:\/\/api.w.org\/{rel}","templated":true}]}}