{"id":166549,"date":"2017-08-21T20:33:21","date_gmt":"2017-08-21T18:33:21","guid":{"rendered":"http:\/\/www.fuldaer-nachrichten.de\/?p=166549"},"modified":"2017-08-21T20:33:21","modified_gmt":"2017-08-21T18:33:21","slug":"tueroeffner-tag-der-sendung-mit-der-maus-%e2%80%a8bei-der-feuerwehr-fulda","status":"publish","type":"post","link":"https:\/\/www.fuldaernachrichten.de\/?p=166549","title":{"rendered":"\u201eT\u00fcr\u00f6ffner-Tag\u201c der \u201eSendung mit der Maus\u201c \u00e2\u20ac\u00a8bei der Feuerwehr Fulda"},"content":{"rendered":"<p>\u201eDie Sendung mit der Maus\u201c (WDR) hat den Dienstag, 3. Oktober, zum bundesweiten \u201eT\u00fcr\u00f6ffner-Tag\u201c ausgerufen. Auch in Fulda werden sich dann T\u00fcren \u00f6ffnen, die sonst f\u00fcr Kinder verschlossen sind. Gemeinsam \u00f6ffnen die Jugendfeuerwehren aus allen Stadtteilen Fuldas die T\u00fcren der St\u00fctzpunktfeuerwache Fulda-Nord in der Daimler-Benz-Stra\u00dfe 3.<br \/>\nDort kann man unter Anleitung ein echtes Feuer l\u00f6schen und wie ein richtiger Feuerwehrmann durch eine Atemschutz\u00fcbungsstrecke kriechen. Man erf\u00e4hrt au\u00dferdem, wie das so mit dem Notruf funktioniert und kann das selbst mit einem \u00dcbungstelefon einmal ausprobieren. Au\u00dferdem besteht die M\u00f6glichkeit, einmal die Ausr\u00fcstung eines Feuerwehrmanns anzuprobieren, einmal in einem echten Feuerwehrauto zu sitzen, ein Atemschutzger\u00e4t aus der N\u00e4he anzuschauen oder eine Feuerwehraxt anzufassen.<br \/>\nDie Jugendlichen aus den Jugendfeuerwehren werden die Teilnehmerinnen und Teilnehmer durch den Tag begleiten. Mitmachen kann Jeder, der eine Sachgeschichte mal Live erleben m\u00f6chte. Geeignet ist der \u201eT\u00fcr\u00f6ffner-Tag\u201c f\u00fcr alle ab 6 Jahren. Kleinere Kinder k\u00f6nnen nicht an allen Stationen teilnehmen.<\/p>\n<p>Interessenten k\u00f6nnen sich unter der E-Mail-Adresse feuerwehr.jugend@fulda.de anmelden. Die Teilnahme ist kostenlos. <\/p>\n","protected":false},"excerpt":{"rendered":"<div class=\"tmnf_excerpt\"><p>\u201eDie Sendung mit der Maus\u201c (WDR) hat den Dienstag, 3. Oktober, zum bundesweiten \u201eT\u00fcr\u00f6ffner-Tag\u201c ausgerufen. Auch in Fulda werden sich dann T\u00fcren \u00f6ffnen, die sonst f\u00fcr Kinder verschlossen sind. Gemeinsam \u00f6ffnen die Jugendfeuerwehren aus allen Stadtteilen Fuldas die T\u00fcren der St\u00fctzpunktfeuerwache Fulda-Nord in der Daimler-Benz-Stra\u00dfe 3. Dort kann man unter Anleitung ein echtes Feuer l\u00f6schen &hellip;<\/p>\n<\/div>","protected":false},"author":1,"featured_media":166562,"comment_status":"closed","ping_status":"closed","sticky":false,"template":"","format":"standard","meta":{"footnotes":""},"categories":[1],"tags":[],"class_list":["post-166549","post","type-post","status-publish","format-standard","has-post-thumbnail","hentry","category-startseite"],"_links":{"self":[{"href":"https:\/\/www.fuldaernachrichten.de\/index.php?rest_route=\/wp\/v2\/posts\/166549","targetHints":{"allow":["GET"]}}],"collection":[{"href":"https:\/\/www.fuldaernachrichten.de\/index.php?rest_route=\/wp\/v2\/posts"}],"about":[{"href":"https:\/\/www.fuldaernachrichten.de\/index.php?rest_route=\/wp\/v2\/types\/post"}],"author":[{"embeddable":true,"href":"https:\/\/www.fuldaernachrichten.de\/index.php?rest_route=\/wp\/v2\/users\/1"}],"replies":[{"embeddable":true,"href":"https:\/\/www.fuldaernachrichten.de\/index.php?rest_route=%2Fwp%2Fv2%2Fcomments&post=166549"}],"version-history":[{"count":1,"href":"https:\/\/www.fuldaernachrichten.de\/index.php?rest_route=\/wp\/v2\/posts\/166549\/revisions"}],"predecessor-version":[{"id":166563,"href":"https:\/\/www.fuldaernachrichten.de\/index.php?rest_route=\/wp\/v2\/posts\/166549\/revisions\/166563"}],"wp:featuredmedia":[{"embeddable":true,"href":"https:\/\/www.fuldaernachrichten.de\/index.php?rest_route=\/wp\/v2\/media\/166562"}],"wp:attachment":[{"href":"https:\/\/www.fuldaernachrichten.de\/index.php?rest_route=%2Fwp%2Fv2%2Fmedia&parent=166549"}],"wp:term":[{"taxonomy":"category","embeddable":true,"href":"https:\/\/www.fuldaernachrichten.de\/index.php?rest_route=%2Fwp%2Fv2%2Fcategories&post=166549"},{"taxonomy":"post_tag","embeddable":true,"href":"https:\/\/www.fuldaernachrichten.de\/index.php?rest_route=%2Fwp%2Fv2%2Ftags&post=166549"}],"curies":[{"name":"wp","href":"https:\/\/api.w.org\/{rel}","templated":true}]}}