{"id":166548,"date":"2017-08-21T20:32:56","date_gmt":"2017-08-21T18:32:56","guid":{"rendered":"http:\/\/www.fuldaer-nachrichten.de\/?p=166548"},"modified":"2017-08-21T20:32:56","modified_gmt":"2017-08-21T18:32:56","slug":"nachwuchspianisten-spielen-fuer-alterskameraden-an-fuldaer-schulen","status":"publish","type":"post","link":"https:\/\/www.fuldaernachrichten.de\/?p=166548","title":{"rendered":"Nachwuchspianisten spielen f\u00fcr Alterskameraden an Fuldaer Schulen"},"content":{"rendered":"<p><a href=\"http:\/\/www.fuldaer-nachrichten.de\/wp-content\/uploads\/2017\/08\/Gruppenfoto-PIANALE-Junior-2017.jpg\"><img decoding=\"async\" src=\"http:\/\/www.fuldaer-nachrichten.de\/wp-content\/uploads\/2017\/08\/Gruppenfoto-PIANALE-Junior-2017-265x177.jpg\" alt=\"\" width=\"265\" height=\"177\" class=\"alignleft size-thumbnail wp-image-166559\" srcset=\"https:\/\/www.fuldaernachrichten.de\/wp-content\/uploads\/2017\/08\/Gruppenfoto-PIANALE-Junior-2017-265x177.jpg 265w, https:\/\/www.fuldaernachrichten.de\/wp-content\/uploads\/2017\/08\/Gruppenfoto-PIANALE-Junior-2017-768x512.jpg 768w, https:\/\/www.fuldaernachrichten.de\/wp-content\/uploads\/2017\/08\/Gruppenfoto-PIANALE-Junior-2017-600x400.jpg 600w, https:\/\/www.fuldaernachrichten.de\/wp-content\/uploads\/2017\/08\/Gruppenfoto-PIANALE-Junior-2017.jpg 900w\" sizes=\"(max-width: 265px) 100vw, 265px\" \/><\/a>Jugendliche geh\u00f6ren normalerweise nicht zum Publikum klassischer Klavierkonzerte. \u201eDas finde ich nicht nur schade sondern will es auch ein wenig \u00e4ndern\u201c, sagt Uta Weyand, international bekannte Konzertpianisten, Klavierprofessorin und selbst Mutter zweier Kinder. Und die Gr\u00fcnderin der  renommierten Klavier-Akademie Pianale f\u00fcr Nachwuchsmusiker zwischen 14 und 29 Jahren. Schon zum 11. Mal ist diese weit \u00fcber Osthessen hinaus bekannte Kombination aus Intensivunterricht, Konterreihe und Wettbewerb in Fulda und den Schl\u00f6ssern der Region zu Gast. <\/p>\n<p>Jetzt will Uta Weyand mit einigen ihrer Eleven, die in der Zeit der Pianale in der Landesmusikakademie Schloss Hallenburg leben und \u00fcben, erstmals aktiv auf eine j\u00fcngeres Publikum zugehen. <\/p>\n<p>Zwischen Handy und Haydn lautet das Motto der Exkursionen, bei denen die angehenden Konzertstars von morgen mit ihren Alterskameraden in Kontakt kommen sollen. Erst musikalisch, dass im lockeren Gespr\u00e4ch. \u201eWie viele Stunden \u00fcbst Du am Tag?\u201c, \u201eMagst Du au\u00dfer H\u00e4ndel auch Hip-Hop?\u201c, \u201eWie ist es, immer unterwegs zu sein?\u201c, werden sich zu den gestellten Fragen geh\u00f6ren. <\/p>\n<p>Gleich an drei Schulen werden die Musiker erst eine Probe ihres K\u00f6nnens geben, dann mit den Penn\u00e4lern plaudern. Den Auftakt machen am Dienstag (22. August) die Rudolf-Steiner-Schule (Loheland) und die Konrad-Adenauer-Realschule (Petersberg). Zwei Tage sp\u00e4ter folgt das Marianum in dem gleich die gesamte 10. Jahrgangsstufe zu dem Exklusiv-Konzert in der Aula zusammenkommen wird. <\/p>\n<p>\u201eWer genau vorspielt, wissen wir noch nicht\u201c, sagt Uta Weyand. Insgesamt nehmen in diesem Jahr 34 Hoffnungstr\u00e4ger aus 20 L\u00e4ndern an der Pianale teil, knapp ein Drittel von ihnen ist zwischen 15 und 18 Jahre alt. Alle schon jetzt Meister ihres Faches.<\/p>\n<p>\u201eNat\u00fcrlich wollen wir f\u00fcr unsere Musik werben\u201c, sagt die Fuldaerin Uta Weyand. \u201eAber wir wollen uns so auch bei der Region bedanken, die uns seit mehr als zehn Jahren unterst\u00fctzt.\u201c\u00e2\u20ac\u00a8Und: \u201eVielleicht springt bei dem einen oder andere ja auch der Funke \u00fcber.\u201c<br \/>\nDas Junior-Finale der Pianale findet \u00fcbrigens am Donnerstag (24. August) in der Aula der Alten Universit\u00e4t statt (19 Uhr). <\/p>\n","protected":false},"excerpt":{"rendered":"<div class=\"tmnf_excerpt\"><p>Jugendliche geh\u00f6ren normalerweise nicht zum Publikum klassischer Klavierkonzerte. \u201eDas finde ich nicht nur schade sondern will es auch ein wenig \u00e4ndern\u201c, sagt Uta Weyand, international bekannte Konzertpianisten, Klavierprofessorin und selbst Mutter zweier Kinder. Und die Gr\u00fcnderin der renommierten Klavier-Akademie Pianale f\u00fcr Nachwuchsmusiker zwischen 14 und 29 Jahren. Schon zum 11. Mal ist diese weit \u00fcber &hellip;<\/p>\n<\/div>","protected":false},"author":1,"featured_media":166558,"comment_status":"closed","ping_status":"closed","sticky":false,"template":"","format":"standard","meta":{"footnotes":""},"categories":[1],"tags":[],"class_list":["post-166548","post","type-post","status-publish","format-standard","has-post-thumbnail","hentry","category-startseite"],"_links":{"self":[{"href":"https:\/\/www.fuldaernachrichten.de\/index.php?rest_route=\/wp\/v2\/posts\/166548","targetHints":{"allow":["GET"]}}],"collection":[{"href":"https:\/\/www.fuldaernachrichten.de\/index.php?rest_route=\/wp\/v2\/posts"}],"about":[{"href":"https:\/\/www.fuldaernachrichten.de\/index.php?rest_route=\/wp\/v2\/types\/post"}],"author":[{"embeddable":true,"href":"https:\/\/www.fuldaernachrichten.de\/index.php?rest_route=\/wp\/v2\/users\/1"}],"replies":[{"embeddable":true,"href":"https:\/\/www.fuldaernachrichten.de\/index.php?rest_route=%2Fwp%2Fv2%2Fcomments&post=166548"}],"version-history":[{"count":1,"href":"https:\/\/www.fuldaernachrichten.de\/index.php?rest_route=\/wp\/v2\/posts\/166548\/revisions"}],"predecessor-version":[{"id":166561,"href":"https:\/\/www.fuldaernachrichten.de\/index.php?rest_route=\/wp\/v2\/posts\/166548\/revisions\/166561"}],"wp:featuredmedia":[{"embeddable":true,"href":"https:\/\/www.fuldaernachrichten.de\/index.php?rest_route=\/wp\/v2\/media\/166558"}],"wp:attachment":[{"href":"https:\/\/www.fuldaernachrichten.de\/index.php?rest_route=%2Fwp%2Fv2%2Fmedia&parent=166548"}],"wp:term":[{"taxonomy":"category","embeddable":true,"href":"https:\/\/www.fuldaernachrichten.de\/index.php?rest_route=%2Fwp%2Fv2%2Fcategories&post=166548"},{"taxonomy":"post_tag","embeddable":true,"href":"https:\/\/www.fuldaernachrichten.de\/index.php?rest_route=%2Fwp%2Fv2%2Ftags&post=166548"}],"curies":[{"name":"wp","href":"https:\/\/api.w.org\/{rel}","templated":true}]}}