{"id":166547,"date":"2017-08-21T20:32:45","date_gmt":"2017-08-21T18:32:45","guid":{"rendered":"http:\/\/www.fuldaer-nachrichten.de\/?p=166547"},"modified":"2017-08-21T20:32:45","modified_gmt":"2017-08-21T18:32:45","slug":"tag-der-feuerwehr-in-flieden","status":"publish","type":"post","link":"https:\/\/www.fuldaernachrichten.de\/?p=166547","title":{"rendered":"&#8220;Tag der Feuerwehr&#8221; in Flieden"},"content":{"rendered":"<p>Segnung des neuen Einsatzleitwagens und Verkehrssicherungsanh\u00e4ngers<\/p>\n<p>Die Feuerwehr Flieden hat im Rahmen des &#8220;Tag der Feuerwehr&#8221; ein neues Einsatzleitfahrzeug und einen neuen Verkehrssicherungsanh\u00e4nger eingeweiht. Der Verkehrssicherungsanh\u00e4nger ist der Erste dieser Art im Kreis Fulda.<\/p>\n<p>Bei strahlendem Sonnenschein feierten am Sonntag, 06.08.2017 viele Feuerwehrleute und B\u00fcrger den &#8220;Tag der Feuerwehr&#8221; in Flieden. Neben einer Fahrzeugausstellung mit Rundfahrten in den Einsatzfahrzeugen, einer H\u00fcpfburg und einer Station zum richtigen Umgang mit dem Feuerl\u00f6scher wurden am Nachmittag zwei neue Fahrzeuge eingeweiht. Die Einweihung wurde vom Spielmanns- und Fanfarenzug der Freiwilligen Feuerwehr Flieden und dem Chor VielHarmonie musikalisch umrahmt.<\/p>\n<p>Moderner Einsatzleitwagen <\/p>\n<p>Der neue Einsatzleitwagen (ELW 1) ersetzt das Vorg\u00e4ngerfahrzeug aus dem Jahre 1993. Der Prozess f\u00fcr die Anschaffung wurde 2012 gestartet. Zu Beginn des Jahres 2016 ist dann das Angebot einer Kasseler Firma ausgew\u00e4hlt und die Anschaffung f\u00fcr dasselbe Jahr geplant worden. Durch Lieferverz\u00f6gerungen des Karosserieherstellers erfolgte die Auslieferung jedoch erst im Fr\u00fchjahr 2017. Seit Anfang Mai ist das neue Fahrzeug nun im Einsatz. Der neue Einsatzleitwagen basiert auf einem Mercedes Sprinter mit 120 kW Leistung und einem Automatikgetriebe. Mit vier Mann Besatzung erm\u00f6glicht dieser im analogen und digitalen Funk eine moderne Kommunikation und Koordination der Einsatzkr\u00e4fte.<\/p>\n<p>Der Preis des neuen Fahrzeuges bel\u00e4uft sich auf 100.000 Euro. Finanziert wurde es durch Zusch\u00fcsse aus der Brandschutzf\u00f6rderung des Landes Hessen in H\u00f6he von 32.000 Euro sowie des Landkreises Fulda in H\u00f6he von 4.000 Euro. Die restlichen 64.000 Euro wurden von der Gemeinde Flieden aufgebracht.<\/p>\n<p>Umbau in 600 Stunden Eigenleistung<\/p>\n<p>Der nun eingeweihte Verkehrssicherungsanh\u00e4nger (VSA) wurde angeschafft, da es bei mehreren Eins\u00e4tzen auf der Bundesautobahn 66 zu gef\u00e4hrlichen Situationen f\u00fcr die Einsatzkr\u00e4fte gekommen war. Die Sicherung der Einsatzstelle durch Polizei und Stra\u00dfenmeisterei ist nicht immer zeitnah m\u00f6glich. Bei den Beratungen um eine L\u00f6sung war die Idee aufgekommen, einen gebrauchten VSA anzuschaffen und in Eigenleistung herzurichten. Der gebrauchte Anh\u00e4nger wurde f\u00fcr 4.000 Euro von der Gemeinde gekauft und in zehn Monaten durch 600 Stunden Eigenleistung durch mehrere Kameraden der Feuerwehr umgebaut. Die Feuerwehr investierte weitere 5.600 Euro in den Umbau und die Sanierung des Anh\u00e4ngers.<br \/>\nDie Einweihung des VSA- Feuerwehr ist eine Besonderheit in der Region, da er der Erste dieser Art im Landkreis Fulda ist.<\/p>\n<p>Zum Abschluss der Feier wurden drei Mitglieder der Gemeindefeuerwehr geehrt. Tanja Bagus aus R\u00fcckers f\u00fcr 25 Jahre und Markus Ebner aus Flieden f\u00fcr 40 Jahre aktiven Feuerwehrdienst. Dem lang\u00e4hrigen Wehrf\u00fchrer und jetzigen Stellvertreter Goswin Iller wurde f\u00fcr seine Verdienste die St.-Florians-Medaille des Kurhessisch Waldeckschen Feuerwehrverbandes verliehen.<\/p>\n","protected":false},"excerpt":{"rendered":"<div class=\"tmnf_excerpt\"><p>Segnung des neuen Einsatzleitwagens und Verkehrssicherungsanh\u00e4ngers Die Feuerwehr Flieden hat im Rahmen des &#8220;Tag der Feuerwehr&#8221; ein neues Einsatzleitfahrzeug und einen neuen Verkehrssicherungsanh\u00e4nger eingeweiht. Der Verkehrssicherungsanh\u00e4nger ist der Erste dieser Art im Kreis Fulda. Bei strahlendem Sonnenschein feierten am Sonntag, 06.08.2017 viele Feuerwehrleute und B\u00fcrger den &#8220;Tag der Feuerwehr&#8221; in Flieden. Neben einer Fahrzeugausstellung mit &hellip;<\/p>\n<\/div>","protected":false},"author":1,"featured_media":166556,"comment_status":"closed","ping_status":"closed","sticky":false,"template":"","format":"gallery","meta":{"footnotes":""},"categories":[1],"tags":[],"class_list":["post-166547","post","type-post","status-publish","format-gallery","has-post-thumbnail","hentry","category-startseite","post_format-post-format-gallery"],"_links":{"self":[{"href":"https:\/\/www.fuldaernachrichten.de\/index.php?rest_route=\/wp\/v2\/posts\/166547","targetHints":{"allow":["GET"]}}],"collection":[{"href":"https:\/\/www.fuldaernachrichten.de\/index.php?rest_route=\/wp\/v2\/posts"}],"about":[{"href":"https:\/\/www.fuldaernachrichten.de\/index.php?rest_route=\/wp\/v2\/types\/post"}],"author":[{"embeddable":true,"href":"https:\/\/www.fuldaernachrichten.de\/index.php?rest_route=\/wp\/v2\/users\/1"}],"replies":[{"embeddable":true,"href":"https:\/\/www.fuldaernachrichten.de\/index.php?rest_route=%2Fwp%2Fv2%2Fcomments&post=166547"}],"version-history":[{"count":1,"href":"https:\/\/www.fuldaernachrichten.de\/index.php?rest_route=\/wp\/v2\/posts\/166547\/revisions"}],"predecessor-version":[{"id":166560,"href":"https:\/\/www.fuldaernachrichten.de\/index.php?rest_route=\/wp\/v2\/posts\/166547\/revisions\/166560"}],"wp:featuredmedia":[{"embeddable":true,"href":"https:\/\/www.fuldaernachrichten.de\/index.php?rest_route=\/wp\/v2\/media\/166556"}],"wp:attachment":[{"href":"https:\/\/www.fuldaernachrichten.de\/index.php?rest_route=%2Fwp%2Fv2%2Fmedia&parent=166547"}],"wp:term":[{"taxonomy":"category","embeddable":true,"href":"https:\/\/www.fuldaernachrichten.de\/index.php?rest_route=%2Fwp%2Fv2%2Fcategories&post=166547"},{"taxonomy":"post_tag","embeddable":true,"href":"https:\/\/www.fuldaernachrichten.de\/index.php?rest_route=%2Fwp%2Fv2%2Ftags&post=166547"}],"curies":[{"name":"wp","href":"https:\/\/api.w.org\/{rel}","templated":true}]}}