{"id":166538,"date":"2017-08-21T09:33:56","date_gmt":"2017-08-21T07:33:56","guid":{"rendered":"http:\/\/www.fuldaer-nachrichten.de\/?p=166538"},"modified":"2017-08-21T09:33:56","modified_gmt":"2017-08-21T07:33:56","slug":"staatssekretaer-jo-dreiseitel-informiert-sich-ueber-einbuergerungsinitiative-deutsche-staatsangehoerigkeit-ist-ein-wichtiges-signal-fuer-gelungene-integration-bekenntnis-zu-kultur-und-werten","status":"publish","type":"post","link":"https:\/\/www.fuldaernachrichten.de\/?p=166538","title":{"rendered":"Staatssekret\u00e4r Jo Dreiseitel informiert sich \u00fcber  Einb\u00fcrgerungsinitiative: &#8220;Deutsche Staatsangeh\u00f6rigkeit ist ein wichtiges Signal f\u00fcr gelungene Integration: Bekenntnis zu Kultur und Werten&#8221;"},"content":{"rendered":"<p>Der Hessische Bevollm\u00e4chtigte f\u00fcr Integration und Antidiskriminierung, Staatssekret\u00e4r Jo Dreiseitel, hat sich heute im Rahmen seiner Sommerreise \u00fcber die Einb\u00fcrgerungsinitiative der Stadt Kassel informiert und mit Einb\u00fcrgerungsbegleitern gesprochen. Hessen ist die Heimat von \u00fcber einer Million Menschen, die nicht die deutsche Staatsangeh\u00f6rigkeit haben. Viele von diesen Menschen leben schon lange hier, manche sind sogar hier geboren und die Mehrzahl ist gut integriert. &#8220;Ich w\u00fcnsche mir, dass k\u00fcnftig mehr von diesen Menschen den Weg der Einb\u00fcrgerung gehen und damit noch mehr Teil unserer Gesellschaft werden&#8221;, so Dreiseitel. &#8220;Die gleichberechtigte Teilhabe am politischen und gesellschaftlichen Leben setzt die deutsche Staatsangeh\u00f6rigkeit voraus. Nur deutsche Staatsb\u00fcrger k\u00f6nnen sich an den demokratischen Prozessen unserer Gesellschaft beteiligen, k\u00f6nnen w\u00e4hlen und gew\u00e4hlt werden.&#8221;<\/p>\n<p>Damit sich mehr Menschen mit ausl\u00e4ndischer Staatsb\u00fcrgerschaft \u00fcber die Voraussetzungen der Einb\u00fcrgerung informieren, hat die Stadt Kassel eine Einb\u00fcrgerungsinitiative gestartet. Seit Oktober 2016 werden nach und nach alle Kasseler, die seit mindestens acht Jahren in Deutschland leben und nicht die deutsche Staatsangeh\u00f6rigkeit haben, vom Oberb\u00fcrgermeister pers\u00f6nlich angeschrieben. Elf Einb\u00fcrgerungsbegleiterinnen und Einb\u00fcrgerungsbegleiter sind in Kassel aktiv und stehen Einb\u00fcrgerungswilligen bei Fragen mit Rat und Tat zur Seite, helfen bei Verst\u00e4ndnisschwierigkeiten und unterst\u00fctzen bei der Antragstellung zur Einb\u00fcrgerung. &#8220;Die Einb\u00fcrgerung ist f\u00fcr jeden neuen Staatsb\u00fcrger ein Bekenntnis f\u00fcr die pers\u00f6nliche Zukunft und die Verbundenheit zu der neu gefundenen Heimat. Sie stellt dabei keine Abkehr von der urspr\u00fcnglichen Herkunft, der pers\u00f6nlichen Vergangenheit oder gar der Familiengeschichte dar, sondern ist vielmehr Ausdruck des Wunsches, gesellschaftliche Verantwortung in Deutschland \u00fcbernehmen zu wollen&#8221;, betonte Staatssekret\u00e4r Dreiseitel.<\/p>\n<p>Das Land Hessen f\u00f6rdert die Einb\u00fcrgerungsinitiative der Stadt Kassel aus Mitteln des Landesprogramms &#8220;WIR&#8221; im Jahr 2017 mit \u00fcber 70.000 Euro &#8220;Ich freue mich, dass wir durch diese F\u00f6rderung unter anderem Schulung und Einsatz der Einb\u00fcrgerungsbegleiterinnen und Einb\u00fcrgerungsbegleiter in Kassel unterst\u00fctzen k\u00f6nnen&#8221;, so Dreiseitel.  Der Leiter des Standesamtes Kassel, Frank M\u00fcsken, zieht eine positive Zwischenbilanz. Die Zahl der Erstberatungen und der Einb\u00fcrgerungsantr\u00e4ge ist gegen\u00fcber dem Vorjahr um jeweils rund ein Viertel gestiegen.<\/p>\n<p>&#8220;Von der Zuwanderung bis zur Einb\u00fcrgerung ist es ein weiter Weg&#8221;, so Staatssekret\u00e4r Jo Dreiseitel weiter. &#8220;Wer die deutsche Staatsangeh\u00f6rigkeit annehmen m\u00f6chte, muss eine ganze Reihen von Voraussetzungen erf\u00fcllen, um die erfolgreiche Integration zu belegen.&#8221; Dies reicht beispielsweise von einem mehrj\u00e4hrigen Aufenthalt in Deutschland, \u00fcber deutsche Sprachkenntnisse, das eigenst\u00e4ndige Bestreiten des Lebensunterhaltes bis hin zum Bekenntnis zur freiheitlichen demokratischen Grundordnung des Grundgesetzes. All diejenigen, die die Voraussetzungen f\u00fcr eine Einb\u00fcrgerung erf\u00fcllen, empfangen wir mit offenen Armen als deutsche Staatsb\u00fcrgerinnen und Staatsb\u00fcrger&#8221;, so Jo Dreiseitel. &#8220;Denn so zeigen wir, dass Vielfalt eine Chance f\u00fcr alle ist&#8221;, so der Staatssekret\u00e4r abschlie\u00dfend.<\/p>\n","protected":false},"excerpt":{"rendered":"<div class=\"tmnf_excerpt\"><p>Der Hessische Bevollm\u00e4chtigte f\u00fcr Integration und Antidiskriminierung, Staatssekret\u00e4r Jo Dreiseitel, hat sich heute im Rahmen seiner Sommerreise \u00fcber die Einb\u00fcrgerungsinitiative der Stadt Kassel informiert und mit Einb\u00fcrgerungsbegleitern gesprochen. Hessen ist die Heimat von \u00fcber einer Million Menschen, die nicht die deutsche Staatsangeh\u00f6rigkeit haben. Viele von diesen Menschen leben schon lange hier, manche sind sogar hier &hellip;<\/p>\n<\/div>","protected":false},"author":1,"featured_media":0,"comment_status":"closed","ping_status":"closed","sticky":false,"template":"","format":"standard","meta":{"footnotes":""},"categories":[1],"tags":[],"class_list":["post-166538","post","type-post","status-publish","format-standard","hentry","category-startseite"],"_links":{"self":[{"href":"https:\/\/www.fuldaernachrichten.de\/index.php?rest_route=\/wp\/v2\/posts\/166538","targetHints":{"allow":["GET"]}}],"collection":[{"href":"https:\/\/www.fuldaernachrichten.de\/index.php?rest_route=\/wp\/v2\/posts"}],"about":[{"href":"https:\/\/www.fuldaernachrichten.de\/index.php?rest_route=\/wp\/v2\/types\/post"}],"author":[{"embeddable":true,"href":"https:\/\/www.fuldaernachrichten.de\/index.php?rest_route=\/wp\/v2\/users\/1"}],"replies":[{"embeddable":true,"href":"https:\/\/www.fuldaernachrichten.de\/index.php?rest_route=%2Fwp%2Fv2%2Fcomments&post=166538"}],"version-history":[{"count":1,"href":"https:\/\/www.fuldaernachrichten.de\/index.php?rest_route=\/wp\/v2\/posts\/166538\/revisions"}],"predecessor-version":[{"id":166539,"href":"https:\/\/www.fuldaernachrichten.de\/index.php?rest_route=\/wp\/v2\/posts\/166538\/revisions\/166539"}],"wp:attachment":[{"href":"https:\/\/www.fuldaernachrichten.de\/index.php?rest_route=%2Fwp%2Fv2%2Fmedia&parent=166538"}],"wp:term":[{"taxonomy":"category","embeddable":true,"href":"https:\/\/www.fuldaernachrichten.de\/index.php?rest_route=%2Fwp%2Fv2%2Fcategories&post=166538"},{"taxonomy":"post_tag","embeddable":true,"href":"https:\/\/www.fuldaernachrichten.de\/index.php?rest_route=%2Fwp%2Fv2%2Ftags&post=166538"}],"curies":[{"name":"wp","href":"https:\/\/api.w.org\/{rel}","templated":true}]}}