{"id":166535,"date":"2017-08-21T09:33:02","date_gmt":"2017-08-21T07:33:02","guid":{"rendered":"http:\/\/www.fuldaer-nachrichten.de\/?p=166535"},"modified":"2017-08-21T09:33:02","modified_gmt":"2017-08-21T07:33:02","slug":"neues-fortbildungsprogramm-fuer-ehrenamtliche-koordinationsstelle-im-landratsamt-informiert","status":"publish","type":"post","link":"https:\/\/www.fuldaernachrichten.de\/?p=166535","title":{"rendered":"Neues Fortbildungsprogramm f\u00fcr Ehrenamtliche &#8211; Koordinationsstelle im Landratsamt informiert"},"content":{"rendered":"<p>Der Vogelsbergkreis bietet erneut Qualifizierungsma\u00dfnahmen f\u00fcr Personen an, die ehrenamtlich t\u00e4tig sind oder sich auf ein Ehrenamt vorbereiten wollen. Darauf macht die Pressestelle des Vogelsbergkreises aufmerksam.<\/p>\n<p>Das Programm startet am Dienstag, 5. September, mit einem Vortrag der Expertin f\u00fcr Versicherungsfragen im Ehrenamt, Dr. Karin Stiehr.<\/p>\n<p>Weitere Fortbildungen in Ged\u00e4chtnistraining, Excel,  Umgang mit dem Smartphone und auch Erste Hilfe folgen in der Zeit zwischen September und November.<br \/>\nDas komplette Programm kann auf der Kreishomepage unter www.vogelsbergkreis.de<http:\/\/www.vogelsbergkreis.de>, Rubrik B\u00fcrgerservice (Ehrenamt, Qualifizierungsma\u00dfnahmen) eingesehen werden. Dort kann man\/frau sich auch direkt anmelden.<\/p>\n<p>https:\/\/www.vogelsbergkreis.de\/Qualifizierungsmassnahmen-fuer.1275.0.html<\/p>\n<p>Des Weiteren ist das Programm als Faltblatt beim Vogelsbergkreis und bei allen St\u00e4dten und Gemeinden erh\u00e4ltlich.<\/p>\n<p>Zu den Fortbildungen ist eine vorherige Anmeldung n\u00f6tig und ab sofort m\u00f6glich.<\/p>\n<p>Informationen erhalten Sie bei der Lokalen Anlaufstelle f\u00fcr das Ehrenamt in der Kreisverwaltung, Frau Schneider, Telefon 06641 977-491, E-Mail: sabine.schneider@vogelsbergkreis.de<sabine.schneider@vogelsbergkreis.de><\/p>\n","protected":false},"excerpt":{"rendered":"<div class=\"tmnf_excerpt\"><p>Der Vogelsbergkreis bietet erneut Qualifizierungsma\u00dfnahmen f\u00fcr Personen an, die ehrenamtlich t\u00e4tig sind oder sich auf ein Ehrenamt vorbereiten wollen. Darauf macht die Pressestelle des Vogelsbergkreises aufmerksam. Das Programm startet am Dienstag, 5. September, mit einem Vortrag der Expertin f\u00fcr Versicherungsfragen im Ehrenamt, Dr. Karin Stiehr. Weitere Fortbildungen in Ged\u00e4chtnistraining, Excel, Umgang mit dem Smartphone und &hellip;<\/p>\n<\/div>","protected":false},"author":1,"featured_media":166536,"comment_status":"closed","ping_status":"closed","sticky":false,"template":"","format":"standard","meta":{"footnotes":""},"categories":[1],"tags":[],"class_list":["post-166535","post","type-post","status-publish","format-standard","has-post-thumbnail","hentry","category-startseite"],"_links":{"self":[{"href":"https:\/\/www.fuldaernachrichten.de\/index.php?rest_route=\/wp\/v2\/posts\/166535","targetHints":{"allow":["GET"]}}],"collection":[{"href":"https:\/\/www.fuldaernachrichten.de\/index.php?rest_route=\/wp\/v2\/posts"}],"about":[{"href":"https:\/\/www.fuldaernachrichten.de\/index.php?rest_route=\/wp\/v2\/types\/post"}],"author":[{"embeddable":true,"href":"https:\/\/www.fuldaernachrichten.de\/index.php?rest_route=\/wp\/v2\/users\/1"}],"replies":[{"embeddable":true,"href":"https:\/\/www.fuldaernachrichten.de\/index.php?rest_route=%2Fwp%2Fv2%2Fcomments&post=166535"}],"version-history":[{"count":1,"href":"https:\/\/www.fuldaernachrichten.de\/index.php?rest_route=\/wp\/v2\/posts\/166535\/revisions"}],"predecessor-version":[{"id":166537,"href":"https:\/\/www.fuldaernachrichten.de\/index.php?rest_route=\/wp\/v2\/posts\/166535\/revisions\/166537"}],"wp:featuredmedia":[{"embeddable":true,"href":"https:\/\/www.fuldaernachrichten.de\/index.php?rest_route=\/wp\/v2\/media\/166536"}],"wp:attachment":[{"href":"https:\/\/www.fuldaernachrichten.de\/index.php?rest_route=%2Fwp%2Fv2%2Fmedia&parent=166535"}],"wp:term":[{"taxonomy":"category","embeddable":true,"href":"https:\/\/www.fuldaernachrichten.de\/index.php?rest_route=%2Fwp%2Fv2%2Fcategories&post=166535"},{"taxonomy":"post_tag","embeddable":true,"href":"https:\/\/www.fuldaernachrichten.de\/index.php?rest_route=%2Fwp%2Fv2%2Ftags&post=166535"}],"curies":[{"name":"wp","href":"https:\/\/api.w.org\/{rel}","templated":true}]}}