{"id":166530,"date":"2017-08-21T09:29:44","date_gmt":"2017-08-21T07:29:44","guid":{"rendered":"http:\/\/www.fuldaer-nachrichten.de\/?p=166530"},"modified":"2017-08-21T09:29:44","modified_gmt":"2017-08-21T07:29:44","slug":"pilates","status":"publish","type":"post","link":"https:\/\/www.fuldaernachrichten.de\/?p=166530","title":{"rendered":"Pilates"},"content":{"rendered":"<p>Ein Kurs der Volkshochschule beginnt am Donnerstag, den 31.08.2017 um 09.30-10.30 Uhr, in Alsfeld, vhs, Im Klaggarten 6, Raum EG 01.<br \/>\nEine ausgefeilte Mischung aus K\u00f6rperbeherrschung, Atemtechnik und Entspannung verbessert sowohl die Kondition, als auch die Koordination und stellt somit eine wunderbare Alternative zur bisher gewohnten Gruppengymnastik dar. Durch die sehr individuelle M\u00f6glichkeit der \u00dcbungsabstimmung auf den einzelnen Teilnehmer, unter Ber\u00fccksichtigung seiner k\u00f6rperlichen F\u00e4higkeiten und anatomischen Grenzen, ist das Pilates-Training f\u00fcr Jung und Alt gleicherma\u00dfen geeignet. <\/p>\n<p>Weitere Informationen und Anmeldungen bei der Volkshochschule, Im Klaggarten 6, 36304 Alsfeld, Tel.: 06631\/792-7820, www.vhs-vogelsberg.de<\/p>\n","protected":false},"excerpt":{"rendered":"<div class=\"tmnf_excerpt\"><p>Ein Kurs der Volkshochschule beginnt am Donnerstag, den 31.08.2017 um 09.30-10.30 Uhr, in Alsfeld, vhs, Im Klaggarten 6, Raum EG 01. Eine ausgefeilte Mischung aus K\u00f6rperbeherrschung, Atemtechnik und Entspannung verbessert sowohl die Kondition, als auch die Koordination und stellt somit eine wunderbare Alternative zur bisher gewohnten Gruppengymnastik dar. Durch die sehr individuelle M\u00f6glichkeit der \u00dcbungsabstimmung &hellip;<\/p>\n<\/div>","protected":false},"author":1,"featured_media":0,"comment_status":"closed","ping_status":"closed","sticky":false,"template":"","format":"standard","meta":{"footnotes":""},"categories":[1],"tags":[],"class_list":["post-166530","post","type-post","status-publish","format-standard","hentry","category-startseite"],"_links":{"self":[{"href":"https:\/\/www.fuldaernachrichten.de\/index.php?rest_route=\/wp\/v2\/posts\/166530","targetHints":{"allow":["GET"]}}],"collection":[{"href":"https:\/\/www.fuldaernachrichten.de\/index.php?rest_route=\/wp\/v2\/posts"}],"about":[{"href":"https:\/\/www.fuldaernachrichten.de\/index.php?rest_route=\/wp\/v2\/types\/post"}],"author":[{"embeddable":true,"href":"https:\/\/www.fuldaernachrichten.de\/index.php?rest_route=\/wp\/v2\/users\/1"}],"replies":[{"embeddable":true,"href":"https:\/\/www.fuldaernachrichten.de\/index.php?rest_route=%2Fwp%2Fv2%2Fcomments&post=166530"}],"version-history":[{"count":1,"href":"https:\/\/www.fuldaernachrichten.de\/index.php?rest_route=\/wp\/v2\/posts\/166530\/revisions"}],"predecessor-version":[{"id":166531,"href":"https:\/\/www.fuldaernachrichten.de\/index.php?rest_route=\/wp\/v2\/posts\/166530\/revisions\/166531"}],"wp:attachment":[{"href":"https:\/\/www.fuldaernachrichten.de\/index.php?rest_route=%2Fwp%2Fv2%2Fmedia&parent=166530"}],"wp:term":[{"taxonomy":"category","embeddable":true,"href":"https:\/\/www.fuldaernachrichten.de\/index.php?rest_route=%2Fwp%2Fv2%2Fcategories&post=166530"},{"taxonomy":"post_tag","embeddable":true,"href":"https:\/\/www.fuldaernachrichten.de\/index.php?rest_route=%2Fwp%2Fv2%2Ftags&post=166530"}],"curies":[{"name":"wp","href":"https:\/\/api.w.org\/{rel}","templated":true}]}}