{"id":166528,"date":"2017-08-21T09:29:02","date_gmt":"2017-08-21T07:29:02","guid":{"rendered":"http:\/\/www.fuldaer-nachrichten.de\/?p=166528"},"modified":"2017-08-21T09:29:02","modified_gmt":"2017-08-21T07:29:02","slug":"spass-action-im-jugendtreff","status":"publish","type":"post","link":"https:\/\/www.fuldaernachrichten.de\/?p=166528","title":{"rendered":"Spa\u00df &#038; Action im Jugendtreff"},"content":{"rendered":"<p>Einen Nachmittag mit Spa\u00df und Action mit der \u201ePower Bande\u201c gibt es am Donnerstag, 24. August, in der Zeit von 15 bis 19 Uhr im Jugend- und Familienzen-trum in H\u00fcnfeld. In der Karl-Medler-Stra\u00dfe bietet die \u201ePower Bande\u201c auf Einladung der Nassauischen Heimst\u00e4tte Wohnstadt in vier Stunden f\u00fcr Kinder einen Fitness-Parcours, Sackh\u00fcpfen, Wikinger Kubb und viele andere Spiele. Einfach vorbeikommen, die Eltern mitbringen und einen aktiven und unterhaltsamen Nachmittag im Jugend- und Familienzentrum erleben, verspricht die \u201ePower Bande\u201c. <\/p>\n","protected":false},"excerpt":{"rendered":"<div class=\"tmnf_excerpt\"><p>Einen Nachmittag mit Spa\u00df und Action mit der \u201ePower Bande\u201c gibt es am Donnerstag, 24. August, in der Zeit von 15 bis 19 Uhr im Jugend- und Familienzen-trum in H\u00fcnfeld. In der Karl-Medler-Stra\u00dfe bietet die \u201ePower Bande\u201c auf Einladung der Nassauischen Heimst\u00e4tte Wohnstadt in vier Stunden f\u00fcr Kinder einen Fitness-Parcours, Sackh\u00fcpfen, Wikinger Kubb und viele &hellip;<\/p>\n<\/div>","protected":false},"author":1,"featured_media":0,"comment_status":"closed","ping_status":"closed","sticky":false,"template":"","format":"standard","meta":{"footnotes":""},"categories":[1],"tags":[],"class_list":["post-166528","post","type-post","status-publish","format-standard","hentry","category-startseite"],"_links":{"self":[{"href":"https:\/\/www.fuldaernachrichten.de\/index.php?rest_route=\/wp\/v2\/posts\/166528","targetHints":{"allow":["GET"]}}],"collection":[{"href":"https:\/\/www.fuldaernachrichten.de\/index.php?rest_route=\/wp\/v2\/posts"}],"about":[{"href":"https:\/\/www.fuldaernachrichten.de\/index.php?rest_route=\/wp\/v2\/types\/post"}],"author":[{"embeddable":true,"href":"https:\/\/www.fuldaernachrichten.de\/index.php?rest_route=\/wp\/v2\/users\/1"}],"replies":[{"embeddable":true,"href":"https:\/\/www.fuldaernachrichten.de\/index.php?rest_route=%2Fwp%2Fv2%2Fcomments&post=166528"}],"version-history":[{"count":1,"href":"https:\/\/www.fuldaernachrichten.de\/index.php?rest_route=\/wp\/v2\/posts\/166528\/revisions"}],"predecessor-version":[{"id":166529,"href":"https:\/\/www.fuldaernachrichten.de\/index.php?rest_route=\/wp\/v2\/posts\/166528\/revisions\/166529"}],"wp:attachment":[{"href":"https:\/\/www.fuldaernachrichten.de\/index.php?rest_route=%2Fwp%2Fv2%2Fmedia&parent=166528"}],"wp:term":[{"taxonomy":"category","embeddable":true,"href":"https:\/\/www.fuldaernachrichten.de\/index.php?rest_route=%2Fwp%2Fv2%2Fcategories&post=166528"},{"taxonomy":"post_tag","embeddable":true,"href":"https:\/\/www.fuldaernachrichten.de\/index.php?rest_route=%2Fwp%2Fv2%2Ftags&post=166528"}],"curies":[{"name":"wp","href":"https:\/\/api.w.org\/{rel}","templated":true}]}}