{"id":166502,"date":"2017-08-18T07:28:09","date_gmt":"2017-08-18T05:28:09","guid":{"rendered":"http:\/\/www.fuldaer-nachrichten.de\/?p=166502"},"modified":"2017-08-18T07:28:09","modified_gmt":"2017-08-18T05:28:09","slug":"europaeische-foerderung-fuer-den-laendlichen-raum","status":"publish","type":"post","link":"https:\/\/www.fuldaernachrichten.de\/?p=166502","title":{"rendered":"Europ\u00e4ische F\u00f6rderung f\u00fcr den l\u00e4ndlichen Raum"},"content":{"rendered":"<p>Die hessische Europaministerin Lucia Puttrich hat am Donnerstag den antonius Hof in Fulda-Haimbach besucht. Er ist einer der gr\u00f6\u00dften landwirtschaftlichen Betriebe im Landkreis Fulda und zugleich eine Einrichtung, die \u00f6kologische Landwirtschaft und soziale Ziele miteinander verbindet. Er ist eine Einrichtung von \u201eantonius Netzwerk Mensch\u201c in Fulda, das Projekte zur F\u00f6rderung von Inklusion initiiert und hierzu umfassende Angebote in der Lebenswirklichkeit anbietet, wie etwa Arbeit, Ausbildung, Wohnen, Fr\u00fchf\u00f6rderung und Freizeit.<\/p>\n<p>\u201eIch bin beeindruckt von dem erfolgreichen Ansatz, \u00d6kologie, \u00d6konomie und soziale Verantwortung miteinander in Einklang zu bringen\u201c, sagte die Europaministerin nach dem Rundgang \u00fcber das Gel\u00e4nde. Deshalb freue sie sich, so Puttrich weiter, dass die Europ\u00e4ische Union bei den verschiedenen Einrichtungen von \u201eantonius Netzwerk Mensch\u201c und auch auf dem antonius Hof verschiedene Projekte f\u00f6rdere. \u201eHier l\u00e4sst sich sehr anschaulich zeigen, wie die Europ\u00e4ische Union in der Region wirkt. Das betrifft gerade auch den l\u00e4ndlichen Raum, dessen Entwicklung der EU und der hessischen Landesregierung am Herzen liegen.\u201c<\/p>\n<p>Der antonius Hof selbst erhielt 2009 erhielt der Hof rund 200.000 Euro F\u00f6rdergelder des EU und des Bundes f\u00fcr den Neubau von St\u00e4llen, Laufh\u00f6fen, Melk- und Futtertechnik. Derzeit wird in Eichenzell ein inklusives Zentrum f\u00fcr Menschen mit und ohne Beeintr\u00e4chtigungen gef\u00f6rdert, das von \u201eantonius Netzwerk Mensch\u201c, der Gemeinde Eichenzell und dem Verein \u201eLeben und Arbeiten in Eichenzell\u201c betrieben wird. 130.000 Euro stammen aus dem Haushalt der EU, 70.000 Euro aus Landesmitteln. <\/p>\n<p>Der antonius Hof bietet inklusive Ausbildungs- und Arbeitspl\u00e4tze an und besch\u00e4ftigt derzeit 105 Personen, davon 80 Vollzeit- und 12 Teilzeitkr\u00e4fte. F\u00fcnf Personen erlernen Berufe der Landwirtschaft und Heilerziehungspflege. Au\u00dferdem wird die M\u00f6glichkeit zum Freiwilligen \u00d6kologischen Jahr und zum sogenannten Antonius Jahr angeboten.<\/p>\n<p>Bewirtschaftet werden rund 375 Hektar Ackerfl\u00e4che mit verschiedenen landwirtschaftlichen Kulturen. Au\u00dferdem werden 110 Milchk\u00fche und deren Nachzucht, 40 Schweine und deren Nachzucht zur Mast sowie je 50 Legehennen und Masth\u00e4hne gehalten. Die Bioerzeugnisse des Hofes werden unter der eigenen Marke &#8220;Antonius-Bio&#8221; verkauft.<\/p>\n<p>Der Hof wirkt als Demonstrationsbetrieb f\u00fcr \u00f6kologischen Landbau und f\u00fcr Tierschutz in der Landwirtschaft. 2015 zeichnete das Hessische Ministerium f\u00fcr Umwelt, Klimaschutz, Landwirtschaft und Verbraucherschutz den Hof mit dem Preis f\u00fcr landwirtschaftliche Nutztierhaltung in der Kategorie \u201ebesonders tiergerechter Ferkelstall\u201c und \u201evorbildliche Ferkelaufzucht\u201c aus.<\/p>\n<p>Foto: Staatsministerin Lucia Puttrich im Gespr\u00e4ch mit Peter Linz, Leiter Antonius Hof und Rainer Sippel, Vorstand antonius Netzwerk Mensch<\/p>\n","protected":false},"excerpt":{"rendered":"<div class=\"tmnf_excerpt\"><p>Die hessische Europaministerin Lucia Puttrich hat am Donnerstag den antonius Hof in Fulda-Haimbach besucht. Er ist einer der gr\u00f6\u00dften landwirtschaftlichen Betriebe im Landkreis Fulda und zugleich eine Einrichtung, die \u00f6kologische Landwirtschaft und soziale Ziele miteinander verbindet. Er ist eine Einrichtung von \u201eantonius Netzwerk Mensch\u201c in Fulda, das Projekte zur F\u00f6rderung von Inklusion initiiert und hierzu &hellip;<\/p>\n<\/div>","protected":false},"author":1,"featured_media":166506,"comment_status":"closed","ping_status":"closed","sticky":false,"template":"","format":"gallery","meta":{"footnotes":""},"categories":[1],"tags":[],"class_list":["post-166502","post","type-post","status-publish","format-gallery","has-post-thumbnail","hentry","category-startseite","post_format-post-format-gallery"],"_links":{"self":[{"href":"https:\/\/www.fuldaernachrichten.de\/index.php?rest_route=\/wp\/v2\/posts\/166502","targetHints":{"allow":["GET"]}}],"collection":[{"href":"https:\/\/www.fuldaernachrichten.de\/index.php?rest_route=\/wp\/v2\/posts"}],"about":[{"href":"https:\/\/www.fuldaernachrichten.de\/index.php?rest_route=\/wp\/v2\/types\/post"}],"author":[{"embeddable":true,"href":"https:\/\/www.fuldaernachrichten.de\/index.php?rest_route=\/wp\/v2\/users\/1"}],"replies":[{"embeddable":true,"href":"https:\/\/www.fuldaernachrichten.de\/index.php?rest_route=%2Fwp%2Fv2%2Fcomments&post=166502"}],"version-history":[{"count":1,"href":"https:\/\/www.fuldaernachrichten.de\/index.php?rest_route=\/wp\/v2\/posts\/166502\/revisions"}],"predecessor-version":[{"id":166527,"href":"https:\/\/www.fuldaernachrichten.de\/index.php?rest_route=\/wp\/v2\/posts\/166502\/revisions\/166527"}],"wp:featuredmedia":[{"embeddable":true,"href":"https:\/\/www.fuldaernachrichten.de\/index.php?rest_route=\/wp\/v2\/media\/166506"}],"wp:attachment":[{"href":"https:\/\/www.fuldaernachrichten.de\/index.php?rest_route=%2Fwp%2Fv2%2Fmedia&parent=166502"}],"wp:term":[{"taxonomy":"category","embeddable":true,"href":"https:\/\/www.fuldaernachrichten.de\/index.php?rest_route=%2Fwp%2Fv2%2Fcategories&post=166502"},{"taxonomy":"post_tag","embeddable":true,"href":"https:\/\/www.fuldaernachrichten.de\/index.php?rest_route=%2Fwp%2Fv2%2Ftags&post=166502"}],"curies":[{"name":"wp","href":"https:\/\/api.w.org\/{rel}","templated":true}]}}