{"id":166497,"date":"2017-08-18T07:25:58","date_gmt":"2017-08-18T05:25:58","guid":{"rendered":"http:\/\/www.fuldaer-nachrichten.de\/?p=166497"},"modified":"2017-08-18T07:25:58","modified_gmt":"2017-08-18T05:25:58","slug":"coffee-to-stay-region-fulda-will-pendler-zurueckholen","status":"publish","type":"post","link":"https:\/\/www.fuldaernachrichten.de\/?p=166497","title":{"rendered":"\u201eCoffee to stay\u201c \u2013 Region Fulda will Pendler zur\u00fcckholen"},"content":{"rendered":"<p>Bei der Werbung um Fachkr\u00e4fte geht die Region Fulda  jetzt neue Wege. Am kommenden Montag k\u00f6nnen sich Pendler einen mit bunten FD-Logos geschm\u00fcckten wiederverwendbaren Kaffeebecher abholen. Dazu wird bereits in den fr\u00fchen Morgenstunden ein Team entsprechende Flyer auf den Bahnsteigen an die \u201eAuspendler\u201c verteilen. Unterst\u00fctzt wird diese Aktion von Mitarbeitern der Fuldaer Zeitung. Regionalmanager Christoph Burkard: \u201eZum Kaffeebecher passt nat\u00fcrlich auch die Tageszeitung. Deshalb freuen wir uns, dass der Verlag Parzeller unsere Aktion unterst\u00fctzt. Jeder Auspendler erh\u00e4lt am Morgen auch eine Fuldaer Zeitung.\u201c<\/p>\n<p>Auf der R\u00fcckseite des Flyers befindet sich ein Coupon. Bei ihrer R\u00fcckkehr nach Fulda erwarten die \u201eR\u00fcckpendler\u201c dann zwei Infost\u00e4nde an den Ausg\u00e4ngen zum Bahnhofsvorplatz und zur Richthalle, an denen sie gegen Vorlage des ausgef\u00fcllten Coupons einen FD-Kaffeebecher erhalten. Auf dem Becher prangen nicht nur die bunten FD-Logos, sondern auch der Schriftzug \u201eCoffee to stay\u201c, der Titel der Marketingaktion. \u201eWir wollen die Auspendler darauf aufmerksam machen, dass sie unter Umst\u00e4nden auch in der Region Fulda einen ad\u00e4quaten Job finden und dann auf das Pendeln verzichten k\u00f6nnen\u201c, sagt Burkard. <\/p>\n<p>Der \u201eCoffee-to-stay-Becher\u201c soll f\u00fcr die Pendler dann auch zum st\u00e4ndigen Reisebegleiter werden. \u201eSo k\u00f6nnen sie im Zug und auch an ihrer Arbeitsstelle im Rhein-Main-Gebiet als FDler Flagge zeigen.\u201c Die neuen Botschafter der Region Fulda werden dann auch regelm\u00e4\u00dfig \u00fcber einen speziellen Newsletter mit Fakten \u00fcber die Region versorgt. Auf diese Weise k\u00f6nnen sie dann auch Fragen von Kollegen oder Mitreisenden beantworten und so f\u00fcr die Region Fulda werben. Wer die Promo-Aktion am Montag verpasst, kann in der Folgezeit den \u201eCoffee-to-stay-Becher\u201c auch \u00fcber die Internetseite www.region-fulda.de\/tasse bestellen.<\/p>\n","protected":false},"excerpt":{"rendered":"<div class=\"tmnf_excerpt\"><p>Bei der Werbung um Fachkr\u00e4fte geht die Region Fulda jetzt neue Wege. Am kommenden Montag k\u00f6nnen sich Pendler einen mit bunten FD-Logos geschm\u00fcckten wiederverwendbaren Kaffeebecher abholen. Dazu wird bereits in den fr\u00fchen Morgenstunden ein Team entsprechende Flyer auf den Bahnsteigen an die \u201eAuspendler\u201c verteilen. Unterst\u00fctzt wird diese Aktion von Mitarbeitern der Fuldaer Zeitung. Regionalmanager Christoph &hellip;<\/p>\n<\/div>","protected":false},"author":1,"featured_media":0,"comment_status":"closed","ping_status":"closed","sticky":false,"template":"","format":"standard","meta":{"footnotes":""},"categories":[1],"tags":[],"class_list":["post-166497","post","type-post","status-publish","format-standard","hentry","category-startseite"],"_links":{"self":[{"href":"https:\/\/www.fuldaernachrichten.de\/index.php?rest_route=\/wp\/v2\/posts\/166497","targetHints":{"allow":["GET"]}}],"collection":[{"href":"https:\/\/www.fuldaernachrichten.de\/index.php?rest_route=\/wp\/v2\/posts"}],"about":[{"href":"https:\/\/www.fuldaernachrichten.de\/index.php?rest_route=\/wp\/v2\/types\/post"}],"author":[{"embeddable":true,"href":"https:\/\/www.fuldaernachrichten.de\/index.php?rest_route=\/wp\/v2\/users\/1"}],"replies":[{"embeddable":true,"href":"https:\/\/www.fuldaernachrichten.de\/index.php?rest_route=%2Fwp%2Fv2%2Fcomments&post=166497"}],"version-history":[{"count":1,"href":"https:\/\/www.fuldaernachrichten.de\/index.php?rest_route=\/wp\/v2\/posts\/166497\/revisions"}],"predecessor-version":[{"id":166505,"href":"https:\/\/www.fuldaernachrichten.de\/index.php?rest_route=\/wp\/v2\/posts\/166497\/revisions\/166505"}],"wp:attachment":[{"href":"https:\/\/www.fuldaernachrichten.de\/index.php?rest_route=%2Fwp%2Fv2%2Fmedia&parent=166497"}],"wp:term":[{"taxonomy":"category","embeddable":true,"href":"https:\/\/www.fuldaernachrichten.de\/index.php?rest_route=%2Fwp%2Fv2%2Fcategories&post=166497"},{"taxonomy":"post_tag","embeddable":true,"href":"https:\/\/www.fuldaernachrichten.de\/index.php?rest_route=%2Fwp%2Fv2%2Ftags&post=166497"}],"curies":[{"name":"wp","href":"https:\/\/api.w.org\/{rel}","templated":true}]}}