{"id":166488,"date":"2017-08-18T07:27:41","date_gmt":"2017-08-18T05:27:41","guid":{"rendered":"http:\/\/www.fuldaer-nachrichten.de\/?p=166488"},"modified":"2017-08-18T07:27:41","modified_gmt":"2017-08-18T05:27:41","slug":"blaulicht-gottesdienst-wahrhafte-helden-der-gesellschaft","status":"publish","type":"post","link":"https:\/\/www.fuldaernachrichten.de\/?p=166488","title":{"rendered":"Blaulicht-Gottesdienst: \u201eWahrhafte Helden der Gesellschaft\u201c"},"content":{"rendered":"<p>In die Sankt-Elisabeth-Kirche in Fulda\/Lehnerz sind alle Einsatzkr\u00e4fte von Einrichtungen und Organisationen, die mit Blaulicht unterwegs sind, am Freitag, 1. September, um 17:00 Uhr eingeladen. Die bei Polizei, Feuerwehr, Sanit\u00e4tsdiensten, Hilfswerken u.a. Eins\u00e4tzen vielf\u00e4ltig Aktiven als die \u201ewahrhaften Helden der Gesellschaft\u201c erhalten von den Pfarrern Marvin Lange und Dr. G\u00fcnter Etzel in diesem \u00f6kumenischen Gottesdienst auch einen pers\u00f6nlichen Segen f\u00fcr Ihre T\u00e4tigkeit.<\/p>\n<p>Foto: (v.l.) Pfarrer Marvin Lange und Dr. G\u00fcnter Etzel beim Predigtgespr\u00e4ch 2016.<\/p>\n","protected":false},"excerpt":{"rendered":"<div class=\"tmnf_excerpt\"><p>In die Sankt-Elisabeth-Kirche in Fulda\/Lehnerz sind alle Einsatzkr\u00e4fte von Einrichtungen und Organisationen, die mit Blaulicht unterwegs sind, am Freitag, 1. September, um 17:00 Uhr eingeladen. Die bei Polizei, Feuerwehr, Sanit\u00e4tsdiensten, Hilfswerken u.a. Eins\u00e4tzen vielf\u00e4ltig Aktiven als die \u201ewahrhaften Helden der Gesellschaft\u201c erhalten von den Pfarrern Marvin Lange und Dr. G\u00fcnter Etzel in diesem \u00f6kumenischen Gottesdienst &hellip;<\/p>\n<\/div>","protected":false},"author":1,"featured_media":166525,"comment_status":"closed","ping_status":"closed","sticky":false,"template":"","format":"standard","meta":{"footnotes":""},"categories":[1],"tags":[],"class_list":["post-166488","post","type-post","status-publish","format-standard","has-post-thumbnail","hentry","category-startseite"],"_links":{"self":[{"href":"https:\/\/www.fuldaernachrichten.de\/index.php?rest_route=\/wp\/v2\/posts\/166488","targetHints":{"allow":["GET"]}}],"collection":[{"href":"https:\/\/www.fuldaernachrichten.de\/index.php?rest_route=\/wp\/v2\/posts"}],"about":[{"href":"https:\/\/www.fuldaernachrichten.de\/index.php?rest_route=\/wp\/v2\/types\/post"}],"author":[{"embeddable":true,"href":"https:\/\/www.fuldaernachrichten.de\/index.php?rest_route=\/wp\/v2\/users\/1"}],"replies":[{"embeddable":true,"href":"https:\/\/www.fuldaernachrichten.de\/index.php?rest_route=%2Fwp%2Fv2%2Fcomments&post=166488"}],"version-history":[{"count":1,"href":"https:\/\/www.fuldaernachrichten.de\/index.php?rest_route=\/wp\/v2\/posts\/166488\/revisions"}],"predecessor-version":[{"id":166526,"href":"https:\/\/www.fuldaernachrichten.de\/index.php?rest_route=\/wp\/v2\/posts\/166488\/revisions\/166526"}],"wp:featuredmedia":[{"embeddable":true,"href":"https:\/\/www.fuldaernachrichten.de\/index.php?rest_route=\/wp\/v2\/media\/166525"}],"wp:attachment":[{"href":"https:\/\/www.fuldaernachrichten.de\/index.php?rest_route=%2Fwp%2Fv2%2Fmedia&parent=166488"}],"wp:term":[{"taxonomy":"category","embeddable":true,"href":"https:\/\/www.fuldaernachrichten.de\/index.php?rest_route=%2Fwp%2Fv2%2Fcategories&post=166488"},{"taxonomy":"post_tag","embeddable":true,"href":"https:\/\/www.fuldaernachrichten.de\/index.php?rest_route=%2Fwp%2Fv2%2Ftags&post=166488"}],"curies":[{"name":"wp","href":"https:\/\/api.w.org\/{rel}","templated":true}]}}