{"id":166479,"date":"2017-08-18T07:21:14","date_gmt":"2017-08-18T05:21:14","guid":{"rendered":"http:\/\/www.fuldaer-nachrichten.de\/?p=166479"},"modified":"2017-08-18T07:21:14","modified_gmt":"2017-08-18T05:21:14","slug":"offizielle-freigabe-laendlicher-wege-wertschoepfung-fuer-den-laendlichen-raum","status":"publish","type":"post","link":"https:\/\/www.fuldaernachrichten.de\/?p=166479","title":{"rendered":"Offizielle Freigabe l\u00e4ndlicher Wege &#8211; Wertsch\u00f6pfung f\u00fcr den l\u00e4ndlichen Raum"},"content":{"rendered":"<p><a href=\"http:\/\/www.fuldaer-nachrichten.de\/wp-content\/uploads\/2017\/08\/DSC_8952.jpg\"><img decoding=\"async\" src=\"http:\/\/www.fuldaer-nachrichten.de\/wp-content\/uploads\/2017\/08\/DSC_8952-265x177.jpg\" alt=\"\" width=\"265\" height=\"177\" class=\"alignleft size-thumbnail wp-image-166481\" srcset=\"https:\/\/www.fuldaernachrichten.de\/wp-content\/uploads\/2017\/08\/DSC_8952-265x177.jpg 265w, https:\/\/www.fuldaernachrichten.de\/wp-content\/uploads\/2017\/08\/DSC_8952-768x514.jpg 768w, https:\/\/www.fuldaernachrichten.de\/wp-content\/uploads\/2017\/08\/DSC_8952-600x401.jpg 600w, https:\/\/www.fuldaernachrichten.de\/wp-content\/uploads\/2017\/08\/DSC_8952.jpg 900w\" sizes=\"(max-width: 265px) 100vw, 265px\" \/><\/a>In den f\u00fcnf Ortsteilen W\u00fcstensachsen, Melperts, Seiferts, Thaiden und Reulbach wurden insgesamt 13 Schotter- bzw. Asphaltwege erneuert. Die \u201edem l\u00e4ndlichen Charakter angepassten Infrastrukturma\u00dfnahmen\u201c wurden mit Mitteln der EU, des Bundes und des Landes Hessen gef\u00f6rdert. Zur offiziellen Freigabe der multifunktional genutzten Wege waren B\u00fcrgermeister Thomas Schreiner, die Amtsleiterin des Amtes f\u00fcr Bodenmanagement Fulda, Barbara Bachner, und Abteilungsleiter, Hanfried B\u00f6ttner, gekommen, um sich von den realisierten Ma\u00dfnahmen zu \u00fcberzeugen.<\/p>\n<p>Bachner nahm dies auch zum Anlass, sich anzuschauen, wo die noch durch den Amtsvorg\u00e4nger Matthias Kohlhammer bewilligten Gelder hingeflossen sind. \u201eF\u00fcr mich ist es eine gute Gelegenheit, den f\u00fcr mich noch neuen Amtsbezirk besser kennenzulernen und mit B\u00fcrgermeister Schreiner ins Gespr\u00e4ch zu kommen\u201c, so Bachner. In diesem Rahmen \u00fcbergab Bachner in Seiferts ein Schild an B\u00fcrgermeister Schreiner, das an einem der erneuerten Wege aufgestellt wird und auf die F\u00f6rdermittelgeber hinweist, die sich finanziell an den Ma\u00dfnahmen beteiligt haben. Neben dem Land Hessen und der Bundesrepublik Deutschland investiert hier auch die EU in l\u00e4ndliche Gebiete. \u201eIn einer so vom Tourismus gepr\u00e4gten Region wie Ehrenberg mit 40.000 \u00dcbernachtungsg\u00e4sten in \u00fcber 40 Unterk\u00fcnften ist eine funktionierende Wegeinfrastruktur von gro\u00dfer Bedeutung. Wir konnten mit den Ma\u00dfnahmen eine echte Wertsch\u00f6pfung erzielen und so die Region unterst\u00fctzen\u201c, stellt Bachner fest. Die Baukosten beliefen sich auf 112.000 Euro. Die Bewilligung der F\u00f6rdermittel in H\u00f6he von 65.000 Euro erfolgte noch in 2016. \u201eDie Finanzmittel waren ein Segen f\u00fcr uns\u201c, so Schreiner. \u201eMir war es wichtig, dass alle f\u00fcnf Ortsteile davon profitieren. So konnte jeder sagen, f\u00fcr welche Wege die Erneuerung am wichtigsten war und dies haben wir auch ber\u00fccksichtigt\u201c. Insgesamt wurden zwei Kilometer Schotterwege und ein Kilometer Asphaltwege erneuert, die den Anforderungen der modernen Landwirtschaft nicht mehr gen\u00fcgten. Die landwirtschaftlichen Wege sind Verbindungswege zwischen den Ortsteilen und erschlie\u00dfen auch H\u00f6fe im Au\u00dfenbereich. Sie erleichtern aber nicht nur den Landwirten die Bewirtschaftung mit modernen Maschinen sondern werden als Rad- und Wanderwege auch multifunktional genutzt.<\/p>\n","protected":false},"excerpt":{"rendered":"<div class=\"tmnf_excerpt\"><p>In den f\u00fcnf Ortsteilen W\u00fcstensachsen, Melperts, Seiferts, Thaiden und Reulbach wurden insgesamt 13 Schotter- bzw. Asphaltwege erneuert. Die \u201edem l\u00e4ndlichen Charakter angepassten Infrastrukturma\u00dfnahmen\u201c wurden mit Mitteln der EU, des Bundes und des Landes Hessen gef\u00f6rdert. Zur offiziellen Freigabe der multifunktional genutzten Wege waren B\u00fcrgermeister Thomas Schreiner, die Amtsleiterin des Amtes f\u00fcr Bodenmanagement Fulda, Barbara Bachner, &hellip;<\/p>\n<\/div>","protected":false},"author":1,"featured_media":166480,"comment_status":"closed","ping_status":"closed","sticky":false,"template":"","format":"standard","meta":{"footnotes":""},"categories":[1],"tags":[],"class_list":["post-166479","post","type-post","status-publish","format-standard","has-post-thumbnail","hentry","category-startseite"],"_links":{"self":[{"href":"https:\/\/www.fuldaernachrichten.de\/index.php?rest_route=\/wp\/v2\/posts\/166479","targetHints":{"allow":["GET"]}}],"collection":[{"href":"https:\/\/www.fuldaernachrichten.de\/index.php?rest_route=\/wp\/v2\/posts"}],"about":[{"href":"https:\/\/www.fuldaernachrichten.de\/index.php?rest_route=\/wp\/v2\/types\/post"}],"author":[{"embeddable":true,"href":"https:\/\/www.fuldaernachrichten.de\/index.php?rest_route=\/wp\/v2\/users\/1"}],"replies":[{"embeddable":true,"href":"https:\/\/www.fuldaernachrichten.de\/index.php?rest_route=%2Fwp%2Fv2%2Fcomments&post=166479"}],"version-history":[{"count":1,"href":"https:\/\/www.fuldaernachrichten.de\/index.php?rest_route=\/wp\/v2\/posts\/166479\/revisions"}],"predecessor-version":[{"id":166482,"href":"https:\/\/www.fuldaernachrichten.de\/index.php?rest_route=\/wp\/v2\/posts\/166479\/revisions\/166482"}],"wp:featuredmedia":[{"embeddable":true,"href":"https:\/\/www.fuldaernachrichten.de\/index.php?rest_route=\/wp\/v2\/media\/166480"}],"wp:attachment":[{"href":"https:\/\/www.fuldaernachrichten.de\/index.php?rest_route=%2Fwp%2Fv2%2Fmedia&parent=166479"}],"wp:term":[{"taxonomy":"category","embeddable":true,"href":"https:\/\/www.fuldaernachrichten.de\/index.php?rest_route=%2Fwp%2Fv2%2Fcategories&post=166479"},{"taxonomy":"post_tag","embeddable":true,"href":"https:\/\/www.fuldaernachrichten.de\/index.php?rest_route=%2Fwp%2Fv2%2Ftags&post=166479"}],"curies":[{"name":"wp","href":"https:\/\/api.w.org\/{rel}","templated":true}]}}