{"id":166477,"date":"2017-08-18T07:23:32","date_gmt":"2017-08-18T05:23:32","guid":{"rendered":"http:\/\/www.fuldaer-nachrichten.de\/?p=166477"},"modified":"2017-08-18T07:23:32","modified_gmt":"2017-08-18T05:23:32","slug":"autos-von-gestern-und-von-vorgestern-motorclub-im-adac-praesentiert-zum-gaalbernfest-old-und-youngtimer","status":"publish","type":"post","link":"https:\/\/www.fuldaernachrichten.de\/?p=166477","title":{"rendered":"Autos von gestern und von vorgestern &#8211; Motorclub im ADAC pr\u00e4sentiert zum Gaalbernfest Old- und Youngtimer"},"content":{"rendered":"<p>Bereits zum 14. Mal pr\u00e4sentiert der Motorclub H\u00fcnfeld im ADAC w\u00e4hrend des 18. H\u00fcnfelder Gaalbernfestes am Sonntag, 27. August, in der H\u00fcnfelder Innenstadt von 10 bis 16 Uhr Old- und Youngtimer aus verschiedenen Jahrzehnten. Die sch\u00f6nsten Karossen und Zweir\u00e4der werden dabei mit Pokalen und Ehrenpreisen pr\u00e4miert.<\/p>\n<p>Als Oldtimer gelten dabei Fahrzeuge, die bis zum Baujahr 1987 zugelassen wurden, als Youngtimer Fahrzeuge bis Baujahr 1997. Pokale werden ausgegeben f\u00fcr das \u00e4lteste Fahrzeug, den \u00e4ltesten Teilnehmer und die weiteste Anfahrt auf eigenen R\u00e4dern. Unabh\u00e4ngige Fachleute werden dabei auch eine Bewertung des Original-Zustandes oder der Restauration vornehmen. Auch daf\u00fcr hat der Motorclub im ADAC Preise ausgelobt.<\/p>\n<p>Teilnehmer, die ihr Fahrzeug in H\u00fcnfeld in der Innenstadt pr\u00e4sentieren wollen, k\u00f6nnen sich an Oswald Siegel, Tel. 06652\/3557, wenden. Meldungen sind auch vor Ort bis 12 Uhr am Veranstaltungstag am Stand des Motorclubs beim Rathaus m\u00f6glich.<\/p>\n<p>Die Fahrzeuge werden in der Haupt- und Mittelstra\u00dfe ausgestellt und k\u00f6nnen von Gaalbernfestbesuchern besichtigt werden. Zu dieser Oldtimer- und Youngtimer-Pr\u00e4sentation waren in der Vergangenheit stets Fahrzeuge aus sieben Jahrzehnten Automobilgeschichte pr\u00e4sentiert worden. Dabei erwiesen sich h\u00e4ufig die \u201eYoungtimer\u201c als beliebteste Ausstellungsst\u00fccke, weil sie bei vielen Besuchern Erinnerungen an die Jugendzeit weckten.<\/p>\n","protected":false},"excerpt":{"rendered":"<div class=\"tmnf_excerpt\"><p>Bereits zum 14. Mal pr\u00e4sentiert der Motorclub H\u00fcnfeld im ADAC w\u00e4hrend des 18. H\u00fcnfelder Gaalbernfestes am Sonntag, 27. August, in der H\u00fcnfelder Innenstadt von 10 bis 16 Uhr Old- und Youngtimer aus verschiedenen Jahrzehnten. Die sch\u00f6nsten Karossen und Zweir\u00e4der werden dabei mit Pokalen und Ehrenpreisen pr\u00e4miert. Als Oldtimer gelten dabei Fahrzeuge, die bis zum Baujahr &hellip;<\/p>\n<\/div>","protected":false},"author":1,"featured_media":166491,"comment_status":"closed","ping_status":"closed","sticky":false,"template":"","format":"standard","meta":{"footnotes":""},"categories":[1],"tags":[],"class_list":["post-166477","post","type-post","status-publish","format-standard","has-post-thumbnail","hentry","category-startseite"],"_links":{"self":[{"href":"https:\/\/www.fuldaernachrichten.de\/index.php?rest_route=\/wp\/v2\/posts\/166477","targetHints":{"allow":["GET"]}}],"collection":[{"href":"https:\/\/www.fuldaernachrichten.de\/index.php?rest_route=\/wp\/v2\/posts"}],"about":[{"href":"https:\/\/www.fuldaernachrichten.de\/index.php?rest_route=\/wp\/v2\/types\/post"}],"author":[{"embeddable":true,"href":"https:\/\/www.fuldaernachrichten.de\/index.php?rest_route=\/wp\/v2\/users\/1"}],"replies":[{"embeddable":true,"href":"https:\/\/www.fuldaernachrichten.de\/index.php?rest_route=%2Fwp%2Fv2%2Fcomments&post=166477"}],"version-history":[{"count":1,"href":"https:\/\/www.fuldaernachrichten.de\/index.php?rest_route=\/wp\/v2\/posts\/166477\/revisions"}],"predecessor-version":[{"id":166492,"href":"https:\/\/www.fuldaernachrichten.de\/index.php?rest_route=\/wp\/v2\/posts\/166477\/revisions\/166492"}],"wp:featuredmedia":[{"embeddable":true,"href":"https:\/\/www.fuldaernachrichten.de\/index.php?rest_route=\/wp\/v2\/media\/166491"}],"wp:attachment":[{"href":"https:\/\/www.fuldaernachrichten.de\/index.php?rest_route=%2Fwp%2Fv2%2Fmedia&parent=166477"}],"wp:term":[{"taxonomy":"category","embeddable":true,"href":"https:\/\/www.fuldaernachrichten.de\/index.php?rest_route=%2Fwp%2Fv2%2Fcategories&post=166477"},{"taxonomy":"post_tag","embeddable":true,"href":"https:\/\/www.fuldaernachrichten.de\/index.php?rest_route=%2Fwp%2Fv2%2Ftags&post=166477"}],"curies":[{"name":"wp","href":"https:\/\/api.w.org\/{rel}","templated":true}]}}