{"id":166471,"date":"2017-08-17T07:30:28","date_gmt":"2017-08-17T05:30:28","guid":{"rendered":"http:\/\/www.fuldaer-nachrichten.de\/?p=166471"},"modified":"2017-08-17T07:30:28","modified_gmt":"2017-08-17T05:30:28","slug":"blaues-schloss-in-tann-und-fachwerkhaeuser-in-allmus-und-langenbieber-zuschuesse-fuer-denkmalgeschuetzte-gebaeude","status":"publish","type":"post","link":"https:\/\/www.fuldaernachrichten.de\/?p=166471","title":{"rendered":"Blaues Schloss in Tann und Fachwerkh\u00e4user in Allmus und Langenbieber &#8211; Zusch\u00fcsse f\u00fcr denkmalgesch\u00fctzte Geb\u00e4ude"},"content":{"rendered":"<p>Der Landkreis Fulda beteiligt sich an den Kosten der Sanierung des Turms am Blauen Schloss in Tann mit einer zehnprozentige Kreisbeihilfe aus Denkmalschutzmitteln in H\u00f6he von 4.000 Euro. 1.625 Euro sind es beim Einbau von denkmalgerechten Holzfenstern bei einem Fachwerkhaus im Hofbierer Ortsteil Allmus. Auf 1.500 Euro bel\u00e4uft sich die Kreisbeihilfe bei der Fassadensanierung eines Fachwerkhauses am Ortsrand von Langenschwarz.<\/p>\n","protected":false},"excerpt":{"rendered":"<div class=\"tmnf_excerpt\"><p>Der Landkreis Fulda beteiligt sich an den Kosten der Sanierung des Turms am Blauen Schloss in Tann mit einer zehnprozentige Kreisbeihilfe aus Denkmalschutzmitteln in H\u00f6he von 4.000 Euro. 1.625 Euro sind es beim Einbau von denkmalgerechten Holzfenstern bei einem Fachwerkhaus im Hofbierer Ortsteil Allmus. Auf 1.500 Euro bel\u00e4uft sich die Kreisbeihilfe bei der Fassadensanierung eines &hellip;<\/p>\n<\/div>","protected":false},"author":1,"featured_media":0,"comment_status":"closed","ping_status":"closed","sticky":false,"template":"","format":"standard","meta":{"footnotes":""},"categories":[1],"tags":[],"class_list":["post-166471","post","type-post","status-publish","format-standard","hentry","category-startseite"],"_links":{"self":[{"href":"https:\/\/www.fuldaernachrichten.de\/index.php?rest_route=\/wp\/v2\/posts\/166471","targetHints":{"allow":["GET"]}}],"collection":[{"href":"https:\/\/www.fuldaernachrichten.de\/index.php?rest_route=\/wp\/v2\/posts"}],"about":[{"href":"https:\/\/www.fuldaernachrichten.de\/index.php?rest_route=\/wp\/v2\/types\/post"}],"author":[{"embeddable":true,"href":"https:\/\/www.fuldaernachrichten.de\/index.php?rest_route=\/wp\/v2\/users\/1"}],"replies":[{"embeddable":true,"href":"https:\/\/www.fuldaernachrichten.de\/index.php?rest_route=%2Fwp%2Fv2%2Fcomments&post=166471"}],"version-history":[{"count":1,"href":"https:\/\/www.fuldaernachrichten.de\/index.php?rest_route=\/wp\/v2\/posts\/166471\/revisions"}],"predecessor-version":[{"id":166474,"href":"https:\/\/www.fuldaernachrichten.de\/index.php?rest_route=\/wp\/v2\/posts\/166471\/revisions\/166474"}],"wp:attachment":[{"href":"https:\/\/www.fuldaernachrichten.de\/index.php?rest_route=%2Fwp%2Fv2%2Fmedia&parent=166471"}],"wp:term":[{"taxonomy":"category","embeddable":true,"href":"https:\/\/www.fuldaernachrichten.de\/index.php?rest_route=%2Fwp%2Fv2%2Fcategories&post=166471"},{"taxonomy":"post_tag","embeddable":true,"href":"https:\/\/www.fuldaernachrichten.de\/index.php?rest_route=%2Fwp%2Fv2%2Ftags&post=166471"}],"curies":[{"name":"wp","href":"https:\/\/api.w.org\/{rel}","templated":true}]}}