{"id":166458,"date":"2017-08-17T07:29:58","date_gmt":"2017-08-17T05:29:58","guid":{"rendered":"http:\/\/www.fuldaer-nachrichten.de\/?p=166458"},"modified":"2017-08-17T07:29:58","modified_gmt":"2017-08-17T05:29:58","slug":"buergerversammlung-im-marmorsaal-des-stadtschlosses","status":"publish","type":"post","link":"https:\/\/www.fuldaernachrichten.de\/?p=166458","title":{"rendered":"B\u00fcrgerversammlung im Marmorsaal des Stadtschlosses"},"content":{"rendered":"<p>Zahlreiche interessierte Fuldaer B\u00fcrgerinnen und B\u00fcrger haben heute Abend die Gelegenheit genutzt, Informationen zur Stadtpolitik aus erster Hand zu erfahren: Sie nahmen an einer B\u00fcrgerversammlung im Marmorsaal des Stadtschlosses teil, zu der Stadtverordnetenvorsteherin Margarete Hartmann eingeladen hatte. Im Blickpunkt der gut zweist\u00fcndigen Veranstaltung standen zwei Themen: die Entwicklung des ehemaligen Einkaufszentrums am \u201eL\u00f6hertor\u201c sowie die Vorbereitungen zum Stadtjubil\u00e4um 2019.<br \/>\nNach der Begr\u00fc\u00dfung durch Stadtverordnetenvorsteherin Hartmann nutzte Oberb\u00fcrgermeister Dr. Heiko Wingenfeld die Gelegenheit, um unter anderem auf aktuelle Entwicklungen in Sachen Hessentag zu verweisen: Nach Gespr\u00e4chen mit den zust\u00e4ndigen Stellen in Wiesbaden sei er zuversichtlich, dass das gro\u00dfe Landesfest im Jahr 2021 in Fulda stattfinden k\u00f6nne &#8211; und so den im Jubil\u00e4umsjahr 2019 begonnenen Reigen an Gro\u00dfereignissen fortsetzen werde, der dann mit der erneuten Ausrichtung einer Landesgartenschau in einem der Folgejahre einen weiteren H\u00f6hepunkt erfahren solle.  <\/p>\n<p>Zu den Planungen zum Stadtjubil\u00e4um fasste die Projektverantwortliche Monika Kowoll-Ferger die bisherigen \u00dcberlegungen und Planungen zusammen und stellte erste Programmh\u00f6hepunkt vor: etwa die erstmalige Verleihung des Fuldaer Literaturpreises, der von einer hochkar\u00e4tig besetzten Jury vergeben werden wird; die Open-Air-Auff\u00fchrung des Bonifatius-Musicals auf dem Domplatz; die Erarbeitung eines eigenen B\u00fcrgertheaterprojekts zum Stadtjubil\u00e4um mit regionalen Akteuren und professioneller Begleitung oder die Bewerbung um die Ausrichtung des Familientags im Jubil\u00e4umsjahr. Auch auf M\u00f6glichkeiten zur Beteiligung f\u00fcr B\u00fcrgerinnen und B\u00fcrger, aber auch f\u00fcr Vereine und Institutionen, die Ideen f\u00fcr das Stadtjubil\u00e4um einbringen m\u00f6chten, wies Kowoll-Ferger hin. Daf\u00fcr wurde eigens eine E-Mail-Adresse eingerichtet: stadtjubilaeum@fulda.de. Zudem besteht die M\u00f6glichkeit, unter dem Stichwort \u201eStadtjubil\u00e4um\u201c Ideen per Post an den Magistrat der Stadt Fulda, Postfach 2052 in 36010 Fulda zu schicken. \u201eUnser Ziel ist, die reiche Historie Fuldas erlebbar zu machen und Verbindungen zu schaffen zwischen Geschichte und Gegenwart\u201c, betonte Kowoll-Ferger, und OB Wingenfeld erg\u00e4nzte mit Blick auf das Jubil\u00e4um von 1994: \u201eWir wollen wie bei der 1250-Jahr-Feier im Jubil\u00e4umsjahr ein St\u00fcck Identit\u00e4t und Gemeinschaft f\u00fcr alle Fuldaer B\u00fcrgerinnen und B\u00fcrger stiften.\u201c  <\/p>\n<p>Zum Themenkomplex L\u00f6hertor erl\u00e4uterten Stadtbaurat Daniel Schreiner und die stellvertretende Leiterin des Stadtplanungsamts, Eva B\u00f6deker, die zugleich das Bebauungsplanverfahren zum L\u00f6hertor koordiniert, den aktuellen Planungsstand. Ausgehend von den urspr\u00fcnglichen \u00dcberlegungen des Grundst\u00fcckseigent\u00fcmers, der Greve-Gruppe aus Hamburg, f\u00fcr eine Shopping-Mall mit 18000 Quadratmetern Verkaufsfl\u00e4che skizzierten Schreiner und B\u00f6deker die Entwicklung zu dem aktuellen Nutzungskonzept f\u00fcr ein gemischtes Quartier mit B\u00fcrogeb\u00e4ude (Verwaltungssitz Rh\u00f6n-Energie), Hotel, Seminar- und Veranstaltungsfl\u00e4chen sowie Wohnen in verschiedenen Erscheinungsformen \u2013 vom 1-Zimmer-Appartment bis zur 4-bis 5-Zimmer-Wohnung f\u00fcr Familien. Dabei sollen 110 Wohneinheiten im abgeschirmten Innenbereich des Geb\u00e4udekomplexes entstehen, zus\u00e4tzlich 130 Appartements auf der Seite zur Stra\u00dfe \u201eAm Rosengarten\u201c sowie 150 Hotelzimmer. Der Verwaltungssitz der Rh\u00f6n-Energie ist nach gegenw\u00e4rtigem Stand auf rund 350 Mitarbeiter ausgelegt. Die Wohngeb\u00e4ude sollen hochwertige Natursteinfassaden erhalten.<br \/>\nIm Anschluss an die jeweiligen Informationsabschnitte bestand die Gelegenheit f\u00fcr die B\u00fcrgerinnen und B\u00fcrger, Fragen zu stellen und Ideen zu \u00e4u\u00dfern. So wurde zum Thema Stadtjubil\u00e4um unter anderem angeregt, die Schulen, Musikvereine, Ch\u00f6re und Orchester der Stadt eng ins Programm einzubinden, oder die geplante Kulturnacht nicht schon im April, sondern eher Richtung Sommer auszurichten. Auch wurde der Wunsch nach einem gr\u00f6\u00dferen Sport-Event sowie nach preisg\u00fcnstigen Konzertveranstaltungen mit Cover-Bands laut. <\/p>\n<p>Beim Thema \u201eL\u00f6hertor\u201c ergriffen vor allem Anwohner aus der n\u00e4heren Umgebung des Areals das Wort. Sie hatten Fragen zur optischen Verengung der L\u00f6herstra\u00dfe, zu den Modalit\u00e4ten des Abrisses, zu den Parkpl\u00e4tzen und Zufahrten, aber auch zu voraussichtlichen Geb\u00e4udeh\u00f6hen und Schattenw\u00fcrfen, die ausf\u00fchrlich beantwortet wurden. Allerdings wiesen Stadtbaurat Schreiner und OB Wingenfeld auch daraufhin, dass es sich um einen privaten Grundst\u00fcckseigent\u00fcmer handele und man deshalb vor allem zu Fragen des Bebauungsplans, aber weniger zu Detailplanungen Stellung nehmen k\u00f6nne. Grunds\u00e4tzlich machte die Vertreterin des Stadtplanungsamts darauf aufmerksam, dass sich B\u00fcrgerinnen und B\u00fcrger noch bis 21. August im Zuge des B-Plan-Verfahrens zu dem Vorhaben \u00e4u\u00dfern k\u00f6nnen. Gerne seien die Mitarbeiter des Amtes auch bereit, Interessierten und Betroffenen die Pl\u00e4ne n\u00e4her zu erl\u00e4utern. <\/p>\n<p>Hintergrund: Im Jubil\u00e4umsjahr 2019 hat Fulda vier Jubil\u00e4en und Anl\u00e4sse zum Feiern: Am 12. M\u00e4rz 744 gr\u00fcndete Sturmius mit seinen sieben Gef\u00e4hrten das Kloster Fulda und legte damit die Keimzelle f\u00fcr die Besiedlung einer ganzen Region. Die Weihe der Ratger-Basilika vor 1200 Jahren, die Bestattung K\u00f6nig Konrads I. in Fulda vor 1100 Jahren und die Verleihung der Markt- und M\u00fcnzrechte vor 1000 Jahren sind weitere Meilensteine in der Geschichte der Stadt, die 2019 gefeiert werden sollen wollen. <\/p>\n","protected":false},"excerpt":{"rendered":"<div class=\"tmnf_excerpt\"><p>Zahlreiche interessierte Fuldaer B\u00fcrgerinnen und B\u00fcrger haben heute Abend die Gelegenheit genutzt, Informationen zur Stadtpolitik aus erster Hand zu erfahren: Sie nahmen an einer B\u00fcrgerversammlung im Marmorsaal des Stadtschlosses teil, zu der Stadtverordnetenvorsteherin Margarete Hartmann eingeladen hatte. Im Blickpunkt der gut zweist\u00fcndigen Veranstaltung standen zwei Themen: die Entwicklung des ehemaligen Einkaufszentrums am \u201eL\u00f6hertor\u201c sowie die &hellip;<\/p>\n<\/div>","protected":false},"author":1,"featured_media":166465,"comment_status":"closed","ping_status":"closed","sticky":false,"template":"","format":"gallery","meta":{"footnotes":""},"categories":[1],"tags":[],"class_list":["post-166458","post","type-post","status-publish","format-gallery","has-post-thumbnail","hentry","category-startseite","post_format-post-format-gallery"],"_links":{"self":[{"href":"https:\/\/www.fuldaernachrichten.de\/index.php?rest_route=\/wp\/v2\/posts\/166458","targetHints":{"allow":["GET"]}}],"collection":[{"href":"https:\/\/www.fuldaernachrichten.de\/index.php?rest_route=\/wp\/v2\/posts"}],"about":[{"href":"https:\/\/www.fuldaernachrichten.de\/index.php?rest_route=\/wp\/v2\/types\/post"}],"author":[{"embeddable":true,"href":"https:\/\/www.fuldaernachrichten.de\/index.php?rest_route=\/wp\/v2\/users\/1"}],"replies":[{"embeddable":true,"href":"https:\/\/www.fuldaernachrichten.de\/index.php?rest_route=%2Fwp%2Fv2%2Fcomments&post=166458"}],"version-history":[{"count":1,"href":"https:\/\/www.fuldaernachrichten.de\/index.php?rest_route=\/wp\/v2\/posts\/166458\/revisions"}],"predecessor-version":[{"id":166470,"href":"https:\/\/www.fuldaernachrichten.de\/index.php?rest_route=\/wp\/v2\/posts\/166458\/revisions\/166470"}],"wp:featuredmedia":[{"embeddable":true,"href":"https:\/\/www.fuldaernachrichten.de\/index.php?rest_route=\/wp\/v2\/media\/166465"}],"wp:attachment":[{"href":"https:\/\/www.fuldaernachrichten.de\/index.php?rest_route=%2Fwp%2Fv2%2Fmedia&parent=166458"}],"wp:term":[{"taxonomy":"category","embeddable":true,"href":"https:\/\/www.fuldaernachrichten.de\/index.php?rest_route=%2Fwp%2Fv2%2Fcategories&post=166458"},{"taxonomy":"post_tag","embeddable":true,"href":"https:\/\/www.fuldaernachrichten.de\/index.php?rest_route=%2Fwp%2Fv2%2Ftags&post=166458"}],"curies":[{"name":"wp","href":"https:\/\/api.w.org\/{rel}","templated":true}]}}