{"id":166451,"date":"2017-08-17T07:28:19","date_gmt":"2017-08-17T05:28:19","guid":{"rendered":"http:\/\/www.fuldaer-nachrichten.de\/?p=166451"},"modified":"2017-08-17T07:28:19","modified_gmt":"2017-08-17T05:28:19","slug":"bewerbungsschluss-fuer-1-fuldaer-gruender-challenge-am-25-august-2017","status":"publish","type":"post","link":"https:\/\/www.fuldaernachrichten.de\/?p=166451","title":{"rendered":"Bewerbungsschluss f\u00fcr 1. Fuldaer Gr\u00fcnder-Challenge am 25. August 2017"},"content":{"rendered":"<p>Noch bis einschlie\u00dflich 25. August 2017 k\u00f6nnen sich Gr\u00fcnder und junge Unternehmen an der 1. Fuldaer Gr\u00fcnder-Challenge anmelden. Dabei handelt es sich nach den Worten von Christoph Burkard, Gesch\u00e4ftsf\u00fchrer der Region Fulda GmbH, um ein Business-Angel-Forum, bei dem Gr\u00fcnder und Investoren zusammen gebracht werden. \u201eWir haben sieben Investoren, die bereit sind, die Gr\u00fcnder mit Rat und auch Tat, da\u00df hei\u00dft auch in Form von Geld,  zu unterst\u00fctzen.\u201c Nach der Sichtung der eingegangenen Bewerbungen werden dann vier Teams aufgefordert, ihre Ideen und Pl\u00e4ne im Rahmen des Gr\u00fcnder-Challenge-Abends am 21. September 2017 vorzustellen.<\/p>\n<p>Die Gr\u00fcnder-Challenge ist Teil der Aktivit\u00e4ten des zu einem virtuellen Gr\u00fcnderzentrum weiter entwickelten Gr\u00fcndernetzwerkes der Region. Mehr als 500 Gr\u00fcnder, Jungunternehmer und Berater treffen sich hier regelm\u00e4\u00dfig in unterschiedlichen Formaten. Die von Stadt Fulda, Landkreis Fulda und Industrie- und Handelskammer Fulda getragene Regionale Wirtschaftsf\u00f6rderung hat im vergangenen Jahr entschieden, das bis dahin im ITZ betriebene Gr\u00fcnderzentrum mit einer virtualisierten Variante fortzusetzen. Laut Burkard habe eine umfangreiche Gr\u00fcnderbefragung in Zusammenarbeit mit der Hochschule Fulda ergeben, dass die \u201eBetonf\u00f6rderung\u201c f\u00fcr die Gr\u00fcnder zur Zeit nur eine untergeordnete Rolle spiele. Gefragt seien hingegen Unterst\u00fctzungsleistungen in steuerlichen und rechtlichen Fragen sowie in Vertriebsfragen.<\/p>\n<p>Mit der erstmals ausgerufenen Fuldaer Gr\u00fcnder-Challenge trage die Wirtschaftsf\u00f6rderung diesen W\u00fcnschen der Gr\u00fcnder Rechnung. Burkard betont: \u201eAngesichts der in wirtschaftlich guten Zeiten traditionell geringen Gr\u00fcnderzahlen wollen wir gegensteuern und jetzt Mut und Lust zur Selbst\u00e4ndigkeit machen. Unser Ziel ist es, eine Willkommenskultur f\u00fcr Gr\u00fcnder in der Region Fulda zu schaffen.\u201c<br \/>\nWeitere Informationen zur Gr\u00fcnder-Challenge finden sich unter www.region-fulda.de oder direkt unter diesem Link: https:\/\/www.region-fulda.de\/1-fuldaer-gruenderchallenge_7065.html<\/p>\n","protected":false},"excerpt":{"rendered":"<div class=\"tmnf_excerpt\"><p>Noch bis einschlie\u00dflich 25. August 2017 k\u00f6nnen sich Gr\u00fcnder und junge Unternehmen an der 1. Fuldaer Gr\u00fcnder-Challenge anmelden. Dabei handelt es sich nach den Worten von Christoph Burkard, Gesch\u00e4ftsf\u00fchrer der Region Fulda GmbH, um ein Business-Angel-Forum, bei dem Gr\u00fcnder und Investoren zusammen gebracht werden. \u201eWir haben sieben Investoren, die bereit sind, die Gr\u00fcnder mit Rat &hellip;<\/p>\n<\/div>","protected":false},"author":1,"featured_media":0,"comment_status":"closed","ping_status":"closed","sticky":false,"template":"","format":"standard","meta":{"footnotes":""},"categories":[1],"tags":[],"class_list":["post-166451","post","type-post","status-publish","format-standard","hentry","category-startseite"],"_links":{"self":[{"href":"https:\/\/www.fuldaernachrichten.de\/index.php?rest_route=\/wp\/v2\/posts\/166451","targetHints":{"allow":["GET"]}}],"collection":[{"href":"https:\/\/www.fuldaernachrichten.de\/index.php?rest_route=\/wp\/v2\/posts"}],"about":[{"href":"https:\/\/www.fuldaernachrichten.de\/index.php?rest_route=\/wp\/v2\/types\/post"}],"author":[{"embeddable":true,"href":"https:\/\/www.fuldaernachrichten.de\/index.php?rest_route=\/wp\/v2\/users\/1"}],"replies":[{"embeddable":true,"href":"https:\/\/www.fuldaernachrichten.de\/index.php?rest_route=%2Fwp%2Fv2%2Fcomments&post=166451"}],"version-history":[{"count":1,"href":"https:\/\/www.fuldaernachrichten.de\/index.php?rest_route=\/wp\/v2\/posts\/166451\/revisions"}],"predecessor-version":[{"id":166455,"href":"https:\/\/www.fuldaernachrichten.de\/index.php?rest_route=\/wp\/v2\/posts\/166451\/revisions\/166455"}],"wp:attachment":[{"href":"https:\/\/www.fuldaernachrichten.de\/index.php?rest_route=%2Fwp%2Fv2%2Fmedia&parent=166451"}],"wp:term":[{"taxonomy":"category","embeddable":true,"href":"https:\/\/www.fuldaernachrichten.de\/index.php?rest_route=%2Fwp%2Fv2%2Fcategories&post=166451"},{"taxonomy":"post_tag","embeddable":true,"href":"https:\/\/www.fuldaernachrichten.de\/index.php?rest_route=%2Fwp%2Fv2%2Ftags&post=166451"}],"curies":[{"name":"wp","href":"https:\/\/api.w.org\/{rel}","templated":true}]}}