{"id":166443,"date":"2017-08-17T07:28:07","date_gmt":"2017-08-17T05:28:07","guid":{"rendered":"http:\/\/www.fuldaer-nachrichten.de\/?p=166443"},"modified":"2017-08-17T07:28:07","modified_gmt":"2017-08-17T05:28:07","slug":"joerg-demuth-neuer-schulleiter-der-eduard-stieler-schule","status":"publish","type":"post","link":"https:\/\/www.fuldaernachrichten.de\/?p=166443","title":{"rendered":"J\u00f6rg Demuth neuer Schulleiter der Eduard-Stieler-Schule"},"content":{"rendered":"<p>Seit 01. August diesen Jahres ist J\u00f6rg Demuth neuer Schulleiter der Eduard-Stieler-Schule (ESS) und hat damit nach einem Jahr als Stellvertretender Schulleiter diese Funktion nahtlos von Dr. Rudolf Drexler \u00fcbernommen. Demuth wurde 1969 in Rotenburg an der Fulda geboren, wo er 1988 auch sein Abitur machte. Nach der Bundeswehr folgte eine Ausbildung zum Diplom-Finanzwirt (FH), woran sich ab 1992 das Studium der Wirtschaftsp\u00e4dagogik an der Johannes-Gutenberg-Universit\u00e4t in Mainz anschloss. Sein Studium verdiente sich Demuth mit einer Teilzeit-T\u00e4tigkeit beim Steuerberater. Nach einem Wechsel nach Kassel erhielt er dann 1997 sein Erstes Staatsexamen und absolvierte sein Referendariat in Bebra. In diesem Jahr heiratete er dann auch seine Ehefrau, die ihn seit nunmehr 31 Jahren durchs Leben begleitet. Nach dem Zweiten Staatsexamen ging der Diplom-Handelslehrer dann an die Richard-M\u00fcller-Schule in Fulda, wo er von 2010 bis 2016 als Studiendirektor die Fachoberschule leitete. Daneben war Demuth von 2005 bis 2015 immer wieder in verschiedenen Funktionen ans Staatliche Schulamt Fulda teilabgeordnet, zuletzt als Dezernent. Auch war er f\u00fcr das Hessische Kultusministerium in Wiesbaden t\u00e4tig.<\/p>\n<p>Demuth freut sich nun auf seine neuen Aufgaben an einer interessanten Schule mit zahlreichen Schulformen. So steckten hinter den verschiedenen Ausrichtungen unterschiedliche Charaktere, die sich wunderbar erg\u00e4nzen und woraus sich sch\u00f6ne Synergie-Effekte erg\u00e4ben. Die Eduard-Stieler-Schule sei eine sehr lebendige Schule, die sich trotz aller Unterschiede durch ein gutes Miteinander und Menschlichkeit auszeichne. Er treffe hier auf ein engagiertes Schulleitungs-Team, welches verantwortlich und selbstst\u00e4ndig handelt, und die Schule auch weiterentwickelt, sowie auf ein Kollegium, welches diesen Weg mitgeht und auch selbst immer wieder neue Impulse gibt: \u201eDie Schulleitung k\u00fcmmert sich, aber man braucht das gesamte Schul-Team. Dazu geh\u00f6ren auch Sekretariat und Hausmeister. Alleine geht es nicht.\u201c<\/p>\n<p>Demuth sieht die Aufgabe der Schule darin, die ihr anvertrauten Sch\u00fclerinnen und Sch\u00fcler gut auf das Leben, den Beruf oder ein Studium vorzubereiten. Dazu geh\u00f6re ebenfalls, dass die Sch\u00fclerinnen und Sch\u00fcler selbstst\u00e4ndig lernen und arbeiten, um den Anforderungen der Zukunft gerecht werden zu k\u00f6nnen.  Auch sei es ihm ein Anliegen, in Bezug auf die unterschiedlichen Sch\u00fcler passgenau zu arbeiten. Wichtig ist ihm au\u00dferdem die dauerhafte Sicherung der Fachklassen-Standorte in Zusammenarbeit mit den Betrieben, Kammern und Verb\u00e4nden der Region. Die sehr gute Ausstattung der Schule, aber auch das professionelle Wissen der Kolleginnen und Kollegen sollen genutzt werden. Ebenfalls freue er sich auf das neu genehmigte ERASMUS-Projekt, wodurch die ESS an einem internationalen Austausch-Programm mit Schulen in Italien, den Niederlanden, Gro\u00dfbritannien und Schweden und Finnland teilnehmen kann.<\/p>\n<p>Eines der ersten pers\u00f6nlichen Projekte im Sinne Demuths ist der Kontakt zur Allgemeinen Gewerbeschule Basel. Hier k\u00f6nne man von \u201eBest Practice\u201c lernen und spannend sei die Frage, wie man dort mit bestimmten Herausforderungen umgeht, und ob sich deren L\u00f6sungswege auf die ESS \u00fcbertragen lassen.<\/p>\n<p>Eine Kollegin erinnerte an die Zeit des Wechsels, als Demuth 2016 Stellvertretender Schulleiter wurde, mit den Worten \u201eEin Dank an Herrn Demuth, der in gro\u00dfe Fu\u00dfstapfen getreten ist, sie aber so kompetent ausf\u00fcllt, dass es wirkt, als sei er immer schon an der Schule.\u201c<\/p>\n","protected":false},"excerpt":{"rendered":"<div class=\"tmnf_excerpt\"><p>Seit 01. August diesen Jahres ist J\u00f6rg Demuth neuer Schulleiter der Eduard-Stieler-Schule (ESS) und hat damit nach einem Jahr als Stellvertretender Schulleiter diese Funktion nahtlos von Dr. Rudolf Drexler \u00fcbernommen. Demuth wurde 1969 in Rotenburg an der Fulda geboren, wo er 1988 auch sein Abitur machte. Nach der Bundeswehr folgte eine Ausbildung zum Diplom-Finanzwirt (FH), &hellip;<\/p>\n<\/div>","protected":false},"author":1,"featured_media":166452,"comment_status":"closed","ping_status":"closed","sticky":false,"template":"","format":"standard","meta":{"footnotes":""},"categories":[1],"tags":[],"class_list":["post-166443","post","type-post","status-publish","format-standard","has-post-thumbnail","hentry","category-startseite"],"_links":{"self":[{"href":"https:\/\/www.fuldaernachrichten.de\/index.php?rest_route=\/wp\/v2\/posts\/166443","targetHints":{"allow":["GET"]}}],"collection":[{"href":"https:\/\/www.fuldaernachrichten.de\/index.php?rest_route=\/wp\/v2\/posts"}],"about":[{"href":"https:\/\/www.fuldaernachrichten.de\/index.php?rest_route=\/wp\/v2\/types\/post"}],"author":[{"embeddable":true,"href":"https:\/\/www.fuldaernachrichten.de\/index.php?rest_route=\/wp\/v2\/users\/1"}],"replies":[{"embeddable":true,"href":"https:\/\/www.fuldaernachrichten.de\/index.php?rest_route=%2Fwp%2Fv2%2Fcomments&post=166443"}],"version-history":[{"count":1,"href":"https:\/\/www.fuldaernachrichten.de\/index.php?rest_route=\/wp\/v2\/posts\/166443\/revisions"}],"predecessor-version":[{"id":166453,"href":"https:\/\/www.fuldaernachrichten.de\/index.php?rest_route=\/wp\/v2\/posts\/166443\/revisions\/166453"}],"wp:featuredmedia":[{"embeddable":true,"href":"https:\/\/www.fuldaernachrichten.de\/index.php?rest_route=\/wp\/v2\/media\/166452"}],"wp:attachment":[{"href":"https:\/\/www.fuldaernachrichten.de\/index.php?rest_route=%2Fwp%2Fv2%2Fmedia&parent=166443"}],"wp:term":[{"taxonomy":"category","embeddable":true,"href":"https:\/\/www.fuldaernachrichten.de\/index.php?rest_route=%2Fwp%2Fv2%2Fcategories&post=166443"},{"taxonomy":"post_tag","embeddable":true,"href":"https:\/\/www.fuldaernachrichten.de\/index.php?rest_route=%2Fwp%2Fv2%2Ftags&post=166443"}],"curies":[{"name":"wp","href":"https:\/\/api.w.org\/{rel}","templated":true}]}}