{"id":166436,"date":"2017-08-17T07:26:22","date_gmt":"2017-08-17T05:26:22","guid":{"rendered":"http:\/\/www.fuldaer-nachrichten.de\/?p=166436"},"modified":"2017-08-17T07:26:22","modified_gmt":"2017-08-17T05:26:22","slug":"umbau-marathon-an-johannes-kepler-schule-in-neuhof-geht-zu-ende","status":"publish","type":"post","link":"https:\/\/www.fuldaernachrichten.de\/?p=166436","title":{"rendered":"Umbau-Marathon an Johannes-Kepler-Schule in Neuhof geht zu Ende"},"content":{"rendered":"<p>\u201eNach den Sommerferien stehen wieder alle Klassenr\u00e4ume f\u00fcr den Unterricht zur Verf\u00fcgung\u201c, freut sich Harald Klitsch. Er ist als Regionalmanager beim Geb\u00e4udemanagement des Landkreises Fulda f\u00fcr die in 2013 begonnene grundlegende Innensanierung der Johannes-Kepler-Schule in Neuhof verantwortlich.<\/p>\n<p>Etage f\u00fcr Etage wurden in den vergangenen vier Jahren die drei Schultrakte entkernt und neu gestaltet. Zum einen entsprach die Aufteilung der R\u00e4ume nicht mehr den heutigen p\u00e4dagogischen Anforderungen und zum anderen galt es die Brandschutzma\u00dfnahmen auf den aktuellen Stand zu bringen. In enger Abstimmung mit den zust\u00e4ndigen Fachbereichsleitern Kreisverwaltung der Schulleitung managte Klitsch die Modernisierung des 1973 errichteten Geb\u00e4udes. Mit der Planung und Bauleitung ist das Architekturb\u00fcro M\u00f6ller &#038; Vey aus Fulda beauftragt. <\/p>\n<p>Die Zusammenarbeit mit der Schule funktionierte w\u00e4hrend der langen Bauphase aus Sicht des Geb\u00e4udemanagements sehr gut. \u201eIch muss der Schule ein ganz gro\u00dfes Lob aussprechen\u201c, stellt Klitsch r\u00fcckblickend fest: \u201eDurch die Sanierung jeweils einer ganzen Etage sind, je nach Bauabschnitt, bis zu 12 Klassenr\u00e4ume weggefallen. Trotz konnte der Unterricht ohne die Bereitstellung von zus\u00e4tzlichen R\u00e4umen weiterlaufen.\u201c Die gesamte Sanierung war in acht Bauabschnitte aufgeteilt, die durchschnittlich je sechs Monate dauerten. Jeweils ein halbes Jahr vor Beginn des n\u00e4chsten Abschnitts plante Klitsch zusammen mit der Schule und dem Architekten Berthold M\u00f6ller die bevorstehende Phase.<\/p>\n<p>Den rund 1.000 Sch\u00fclerinnen und Sch\u00fcler bietet die Johannes-Kepler-Schule nach dem Umbau eine freundliche, offene und moderne Lernatmosph\u00e4re. Besonders deutlich wird das an der neu gestalteten \u201eGr\u00fcnen Zone\u201c. Der Multifunktionsraum, der als Pausenhalle, Aula und Versammlungsraum genutzt wird, bekommt jetzt durch ein gro\u00dfes Panoramafenster viel mehr Tageslicht. Zudem wurde die Decke ver\u00e4ndert und der Raum mit einem modernen Lichtkonzept, neuen M\u00f6beln und hellen Wandfarben gestaltet. Entsprechend der Namensgebung ist der Fu\u00dfbodenbelag in gr\u00fcn gehalten. Die Flure wurden so konzipiert, dass dort mehr Tageslicht einf\u00e4llt. Zudem sind sie in einigen Bereichen so ausgestattet, um sie f\u00fcr die Arbeit in Kleingruppen zu nutzen. Aber nicht nur f\u00fcr die Sch\u00fcler, sondern auch f\u00fcr die Lehrkr\u00e4fte gab es eine gro\u00dfe Ver\u00e4nderung: Statt einem einzigen Lehrerzimmer stehen den einzelnen Fachbereichen jetzt eigene Lehrerst\u00fctzpunkte zur Verf\u00fcgung.<\/p>\n<p>Im Rahmen der Bauma\u00dfnahme sind au\u00dferdem die naturwissenschaftlichen Unterrichtsr\u00e4ume neu gestaltet und komplett neu ausgestattet worden. F\u00fcr Versuche und Experimente in Chemie, Physik und Biologie bieten die R\u00e4ume nun die optimalen Lernvoraussetzungen. Zudem konnten bei der Raumplanung auch die vielen zus\u00e4tzlichen Angebote, die die Ganztagsschule ihren Sch\u00fclern anbietet, ber\u00fccksichtigt werden. So sind extra R\u00e4ume f\u00fcr die verschiedenen musikalischen Aktivit\u00e4ten wie die Bl\u00e4serklassen oder das Schulorchester eingerichtet und mit dem notwendigen Schallschutz ausgestattet worden. Ein Theaterraum mit B\u00fchne sowie die Vergr\u00f6\u00dferung der Mediathek konnten ebenfalls realisiert werden. Selbstverst\u00e4ndlich sind auch die Klassenr\u00e4ume nach den aktuellen Anforderungen gestaltet worden.<\/p>\n<p>Kurz vor der endg\u00fcltigen Fertigstellung der Bauma\u00dfnahme noch in diesem Herbst \u00e4u\u00dfert sich Landrat Bernd Woide hochzufrieden, dass es durch den mehrj\u00e4hrigen Umbau-Marathon an der Johannes-Kepler-Schule gelungen sei, die Attraktivit\u00e4t und Zukunftsf\u00e4higkeit des Schulstandorts Neuhof nachhaltig zu verbessern. Auch habe das vorgesehene Haushaltsvolumen mit bereitgestellten Mitteln von insgesamt zehn Millionen Euro eingehalten werden k\u00f6nnen. Zudem seien viele Arbeiten an Firmen aus dem Landkreis gegangen. <\/p>\n","protected":false},"excerpt":{"rendered":"<div class=\"tmnf_excerpt\"><p>\u201eNach den Sommerferien stehen wieder alle Klassenr\u00e4ume f\u00fcr den Unterricht zur Verf\u00fcgung\u201c, freut sich Harald Klitsch. Er ist als Regionalmanager beim Geb\u00e4udemanagement des Landkreises Fulda f\u00fcr die in 2013 begonnene grundlegende Innensanierung der Johannes-Kepler-Schule in Neuhof verantwortlich. Etage f\u00fcr Etage wurden in den vergangenen vier Jahren die drei Schultrakte entkernt und neu gestaltet. Zum einen &hellip;<\/p>\n<\/div>","protected":false},"author":1,"featured_media":166441,"comment_status":"closed","ping_status":"closed","sticky":false,"template":"","format":"standard","meta":{"footnotes":""},"categories":[1],"tags":[],"class_list":["post-166436","post","type-post","status-publish","format-standard","has-post-thumbnail","hentry","category-startseite"],"_links":{"self":[{"href":"https:\/\/www.fuldaernachrichten.de\/index.php?rest_route=\/wp\/v2\/posts\/166436","targetHints":{"allow":["GET"]}}],"collection":[{"href":"https:\/\/www.fuldaernachrichten.de\/index.php?rest_route=\/wp\/v2\/posts"}],"about":[{"href":"https:\/\/www.fuldaernachrichten.de\/index.php?rest_route=\/wp\/v2\/types\/post"}],"author":[{"embeddable":true,"href":"https:\/\/www.fuldaernachrichten.de\/index.php?rest_route=\/wp\/v2\/users\/1"}],"replies":[{"embeddable":true,"href":"https:\/\/www.fuldaernachrichten.de\/index.php?rest_route=%2Fwp%2Fv2%2Fcomments&post=166436"}],"version-history":[{"count":1,"href":"https:\/\/www.fuldaernachrichten.de\/index.php?rest_route=\/wp\/v2\/posts\/166436\/revisions"}],"predecessor-version":[{"id":166442,"href":"https:\/\/www.fuldaernachrichten.de\/index.php?rest_route=\/wp\/v2\/posts\/166436\/revisions\/166442"}],"wp:featuredmedia":[{"embeddable":true,"href":"https:\/\/www.fuldaernachrichten.de\/index.php?rest_route=\/wp\/v2\/media\/166441"}],"wp:attachment":[{"href":"https:\/\/www.fuldaernachrichten.de\/index.php?rest_route=%2Fwp%2Fv2%2Fmedia&parent=166436"}],"wp:term":[{"taxonomy":"category","embeddable":true,"href":"https:\/\/www.fuldaernachrichten.de\/index.php?rest_route=%2Fwp%2Fv2%2Fcategories&post=166436"},{"taxonomy":"post_tag","embeddable":true,"href":"https:\/\/www.fuldaernachrichten.de\/index.php?rest_route=%2Fwp%2Fv2%2Ftags&post=166436"}],"curies":[{"name":"wp","href":"https:\/\/api.w.org\/{rel}","templated":true}]}}