{"id":166434,"date":"2017-08-17T07:25:09","date_gmt":"2017-08-17T05:25:09","guid":{"rendered":"http:\/\/www.fuldaer-nachrichten.de\/?p=166434"},"modified":"2017-08-17T07:25:09","modified_gmt":"2017-08-17T05:25:09","slug":"wolfgang-schaeuble-kommt-nach-lauterbach-dialogveranstaltung-mit-dem-bundesfinanzminister-am-donnerstag-24-august-2017","status":"publish","type":"post","link":"https:\/\/www.fuldaernachrichten.de\/?p=166434","title":{"rendered":"Wolfgang Sch\u00e4uble kommt nach Lauterbach! Dialogveranstaltung mit dem Bundesfinanzminister am Donnerstag, 24. August 2017"},"content":{"rendered":"<p>Auf Einladung des Bundestagsabgeordneten Michael Brand kommt Bundesfinanzminister Dr. Wolfgang Sch\u00e4uble nach Lauterbach. Am Donnerstag, 24. August 2017, wird er von 17.00 bis 18.30 Uhr Rede und Antwort stehen. Die Dialogveranstaltung findet in der Aula der Sparkasse Oberhessen Lauterbach (36341 Lauterbach, Am Graben 92) statt. Einlass ist ab 16.30 Uhr.<\/p>\n<p>\u201eWolfgang Sch\u00e4uble ist der st\u00e4rkste Minister im Kabinett Merkel. Sein Wort hat Gewicht, auch international \u2013 als Architekt des Einheitsvertrages oder heute bei notwendigen Reformen in Europa. Seine Umsicht und Durchsetzungsst\u00e4rke sind legend\u00e4r\u201c, so Michael Brand. \u201eNat\u00fcrlich freue ich mich, dass er bei seinen ganz wenigen Auftritten in Hessen der Einladung in meinen Wahlkreis gefolgt ist und dass er f\u00fcr einen direkten B\u00fcrgerdialog ordentlich Zeit eingeplant hat.\u201c<\/p>\n<p>Wolfgang Sch\u00e4uble z\u00e4hlt zu den profiliertesten Politikern Deutschlands. Seit 1972 ist er Mitglied des Deutschen Bundestages. Als Chef des Bundeskanzleramtes unter Kanzler Helmut Kohl, als Bundesinnenminister in der Zeit der \u201efriedlichen Revolution\u201c 1989\/90 und seit 2009 als Bundesfinanzminister gestaltet er in bewegten Zeiten deutsche und europ\u00e4ische Politik. Neben der Tagespolitik besch\u00e4ftigt sich der bekennende Christ Wolfgang Sch\u00e4uble mit grunds\u00e4tzlichen Fragen um die Zukunft von Staat und Gesellschaft in Deutschland und Europa. Au\u00dferdem ist er seit 1969 der erste Finanzminister der Bundesrepublik, der 2014 den ersten ausgeglichenen Bundeshaushalt auf den Weg brachte \u2013 das inzwischen dreimal in Folge bei gleichzeitigen Rekordinvestitionen in wichtige Zukunftsfelder, Entlastungen f\u00fcr die Mittelschicht und Schuldenabbau.<\/p>\n<p>Es handelt sich um eine \u00f6ffentliche Veranstaltung, alle Interessierten sind herzlich eingeladen. Da die r\u00e4umlichen Kapazit\u00e4ten begrenzt sind und bereits eine gro\u00dfe Nachfrage besteht, wird um Anmeldung unter michael.brand@bundestag.de oder 0661- 4800- 4815 gebeten. Die Polizei bittet alle Anreisenden mit dem Auto auf dem Parkplatz \u201eGro\u00dfe Bleiche\u201c zu parken, nicht auf den Parkpl\u00e4tzen rund um die Sparkasse.<\/p>\n","protected":false},"excerpt":{"rendered":"<div class=\"tmnf_excerpt\"><p>Auf Einladung des Bundestagsabgeordneten Michael Brand kommt Bundesfinanzminister Dr. Wolfgang Sch\u00e4uble nach Lauterbach. Am Donnerstag, 24. August 2017, wird er von 17.00 bis 18.30 Uhr Rede und Antwort stehen. Die Dialogveranstaltung findet in der Aula der Sparkasse Oberhessen Lauterbach (36341 Lauterbach, Am Graben 92) statt. Einlass ist ab 16.30 Uhr. \u201eWolfgang Sch\u00e4uble ist der st\u00e4rkste &hellip;<\/p>\n<\/div>","protected":false},"author":1,"featured_media":166437,"comment_status":"closed","ping_status":"closed","sticky":false,"template":"","format":"standard","meta":{"footnotes":""},"categories":[1],"tags":[],"class_list":["post-166434","post","type-post","status-publish","format-standard","has-post-thumbnail","hentry","category-startseite"],"_links":{"self":[{"href":"https:\/\/www.fuldaernachrichten.de\/index.php?rest_route=\/wp\/v2\/posts\/166434","targetHints":{"allow":["GET"]}}],"collection":[{"href":"https:\/\/www.fuldaernachrichten.de\/index.php?rest_route=\/wp\/v2\/posts"}],"about":[{"href":"https:\/\/www.fuldaernachrichten.de\/index.php?rest_route=\/wp\/v2\/types\/post"}],"author":[{"embeddable":true,"href":"https:\/\/www.fuldaernachrichten.de\/index.php?rest_route=\/wp\/v2\/users\/1"}],"replies":[{"embeddable":true,"href":"https:\/\/www.fuldaernachrichten.de\/index.php?rest_route=%2Fwp%2Fv2%2Fcomments&post=166434"}],"version-history":[{"count":1,"href":"https:\/\/www.fuldaernachrichten.de\/index.php?rest_route=\/wp\/v2\/posts\/166434\/revisions"}],"predecessor-version":[{"id":166438,"href":"https:\/\/www.fuldaernachrichten.de\/index.php?rest_route=\/wp\/v2\/posts\/166434\/revisions\/166438"}],"wp:featuredmedia":[{"embeddable":true,"href":"https:\/\/www.fuldaernachrichten.de\/index.php?rest_route=\/wp\/v2\/media\/166437"}],"wp:attachment":[{"href":"https:\/\/www.fuldaernachrichten.de\/index.php?rest_route=%2Fwp%2Fv2%2Fmedia&parent=166434"}],"wp:term":[{"taxonomy":"category","embeddable":true,"href":"https:\/\/www.fuldaernachrichten.de\/index.php?rest_route=%2Fwp%2Fv2%2Fcategories&post=166434"},{"taxonomy":"post_tag","embeddable":true,"href":"https:\/\/www.fuldaernachrichten.de\/index.php?rest_route=%2Fwp%2Fv2%2Ftags&post=166434"}],"curies":[{"name":"wp","href":"https:\/\/api.w.org\/{rel}","templated":true}]}}