{"id":166421,"date":"2017-08-17T07:22:16","date_gmt":"2017-08-17T05:22:16","guid":{"rendered":"http:\/\/www.fuldaer-nachrichten.de\/?p=166421"},"modified":"2017-08-17T07:22:16","modified_gmt":"2017-08-17T05:22:16","slug":"angebot-des-vereins-b-o-j-e-praesentiert-sich-in-neuem-domizil-tag-der-offenen-tuer-am-montag-21-august","status":"publish","type":"post","link":"https:\/\/www.fuldaernachrichten.de\/?p=166421","title":{"rendered":"Angebot des Vereins B.O.J.E. pr\u00e4sentiert sich in neuem Domizil \u2013 Tag der offenen T\u00fcr am Montag, 21. August"},"content":{"rendered":"<p>Der Umzug ist geschafft: Am kommenden Montag, 21. August, stellt der Verein B.O.J.E. seinen Kraftraum f\u00fcr junge Sp\u00e4taussiedler der \u00d6ffentlichkeit erstmals in seinem neuen Domizil in der Adenauerstra\u00dfe 5 vor. Die Bev\u00f6lkerung des Fuldaer Aschenbergs ist ab 16 Uhr zu einem Tag der offenen T\u00fcr eingeladen. Es gibt W\u00fcrstchen, Schaschlik und kalte Getr\u00e4nke. Die Unternehmensgruppe Nassauische Heimst\u00e4tte\/Wohnstadt unterst\u00fctzt den Verein finanziell, damit der Kraftraum im Quartier betrieben und das Training durchgef\u00fchrt werden kann.<\/p>\n<p>Zun\u00e4chst war der Kraftraum in der Adenauerstra\u00dfe 8 untergebracht. Als sich Ende 2016 jedoch die M\u00f6glichkeit ergab, eine Wohnung im \u201eStammhaus\u201c des Vereins f\u00fcr Aussiedlerberatung zu belegen, setzten die Mitarbeiter von B.O.J.E. sowie des Servicecenters Fulda alle Hebel in Bewegung und organisierten den Umzug. Leicht war das nicht. Zwar ist die neue Wohnung gr\u00f6\u00dfer als der vorherige Standort. Wegen der anderen Raumaufteilung entstanden jedoch neue Ger\u00e4tegruppierungen, die genau durchdacht und geplant werden mussten. Was dabei herausgekommen ist, welche Ideen die Jugendlichen und jungen Erwachsenen einflie\u00dfen lie\u00dfen, k\u00f6nnen die Besucher beim Tag der offenen T\u00fcr am Montag begutachten.<\/p>\n<p>Die Unternehmensgruppe Nassauische Heimst\u00e4tte\/Wohnstadt verwaltet in Fulda-Aschenberg rund 600 Wohneinheiten. Der Stadtteil wird seit der Grenz\u00f6ffnung von Sp\u00e4taussiedlern bevorzugt. Viele von ihnen, vor allem junge m\u00e4nnliche Erwachsene, die in der zweiten Generation in Deutschland leben, nutzen den Kraftraum regelm\u00e4\u00dfig. Ziel des Angebots ist es, den jungen Erwachsenen eine sinnvolle Freizeitbesch\u00e4ftigung vor Ort anzubieten sowie ihnen Orientierung und Perspektiven zu bieten. Das Gruppengef\u00fchl wird gest\u00e4rkt, sie trainieren ihre sozialen Kompetenzen und \u00fcbernehmen Verantwortung f\u00fcr die gemeinschaftlich genutzte Einrichtung und die Ger\u00e4te. Das Angebot st\u00e4rkt zudem die Identifikation mit dem Wohnort. Es kann montags bis donnerstags jeweils von 17:30 bis 19:30 Uhr mit entsprechend ausgebildeten \u00dcbungsleitern genutzt werden.<\/p>\n","protected":false},"excerpt":{"rendered":"<div class=\"tmnf_excerpt\"><p>Der Umzug ist geschafft: Am kommenden Montag, 21. August, stellt der Verein B.O.J.E. seinen Kraftraum f\u00fcr junge Sp\u00e4taussiedler der \u00d6ffentlichkeit erstmals in seinem neuen Domizil in der Adenauerstra\u00dfe 5 vor. Die Bev\u00f6lkerung des Fuldaer Aschenbergs ist ab 16 Uhr zu einem Tag der offenen T\u00fcr eingeladen. Es gibt W\u00fcrstchen, Schaschlik und kalte Getr\u00e4nke. Die Unternehmensgruppe &hellip;<\/p>\n<\/div>","protected":false},"author":1,"featured_media":0,"comment_status":"closed","ping_status":"closed","sticky":false,"template":"","format":"standard","meta":{"footnotes":""},"categories":[1],"tags":[],"class_list":["post-166421","post","type-post","status-publish","format-standard","hentry","category-startseite"],"_links":{"self":[{"href":"https:\/\/www.fuldaernachrichten.de\/index.php?rest_route=\/wp\/v2\/posts\/166421","targetHints":{"allow":["GET"]}}],"collection":[{"href":"https:\/\/www.fuldaernachrichten.de\/index.php?rest_route=\/wp\/v2\/posts"}],"about":[{"href":"https:\/\/www.fuldaernachrichten.de\/index.php?rest_route=\/wp\/v2\/types\/post"}],"author":[{"embeddable":true,"href":"https:\/\/www.fuldaernachrichten.de\/index.php?rest_route=\/wp\/v2\/users\/1"}],"replies":[{"embeddable":true,"href":"https:\/\/www.fuldaernachrichten.de\/index.php?rest_route=%2Fwp%2Fv2%2Fcomments&post=166421"}],"version-history":[{"count":1,"href":"https:\/\/www.fuldaernachrichten.de\/index.php?rest_route=\/wp\/v2\/posts\/166421\/revisions"}],"predecessor-version":[{"id":166424,"href":"https:\/\/www.fuldaernachrichten.de\/index.php?rest_route=\/wp\/v2\/posts\/166421\/revisions\/166424"}],"wp:attachment":[{"href":"https:\/\/www.fuldaernachrichten.de\/index.php?rest_route=%2Fwp%2Fv2%2Fmedia&parent=166421"}],"wp:term":[{"taxonomy":"category","embeddable":true,"href":"https:\/\/www.fuldaernachrichten.de\/index.php?rest_route=%2Fwp%2Fv2%2Fcategories&post=166421"},{"taxonomy":"post_tag","embeddable":true,"href":"https:\/\/www.fuldaernachrichten.de\/index.php?rest_route=%2Fwp%2Fv2%2Ftags&post=166421"}],"curies":[{"name":"wp","href":"https:\/\/api.w.org\/{rel}","templated":true}]}}