{"id":166417,"date":"2017-08-17T07:21:55","date_gmt":"2017-08-17T05:21:55","guid":{"rendered":"http:\/\/www.fuldaer-nachrichten.de\/?p=166417"},"modified":"2017-08-17T07:21:55","modified_gmt":"2017-08-17T05:21:55","slug":"cdu-buergermeisterkandidat-carsten-fross-im-dialog-mit-feuerwehren-und-hilfsorganisationen","status":"publish","type":"post","link":"https:\/\/www.fuldaernachrichten.de\/?p=166417","title":{"rendered":"CDU B\u00fcrgermeisterkandidat Carsten Fro\u00df im Dialog mit Feuerwehren und Hilfsorganisationen"},"content":{"rendered":"<p>Einen besonderen Dienst \u00fcbernahm der CDU B\u00fcrgermeisterkandidat Carsten Fro\u00df am vergangenen Sonntag am \u201eTag der Feuerwehr\u201c in Steinau. Er stand hinter der Theke und versorgte die Besucher im Feuerwehrhaus mit k\u00fchlen Getr\u00e4nken. \u201eWir freuen uns, dass Carsten Fro\u00df bei uns Mitglied geworden ist und auch f\u00fcr einen Dienst auf unserem Fest zur Verf\u00fcgung steht.\u201c erkl\u00e4rt Markus Niewelt, der 1. Vorsitzende der Feuerwehr Steinau.<\/p>\n<p>Die Feuerwehren in der Gemeinde Petersberg sind dem B\u00fcrgermeisterkandidaten wichtig. Sie \u00fcbernehmen in den einzelnen Ortsteilen eine ganze Reihe von Aufgaben, die f\u00fcr die Gemeinschaft vor Ort von gro\u00dfer Bedeutung sind. An erste Stelle stehen f\u00fcr die ehrenamtlichen Feuerwehrfrauen und -m\u00e4nner nat\u00fcrlich die Brandbek\u00e4mpfung und die technische Hilfeleistung. F\u00fcr die Bereitstellung der notwendigen Ausr\u00fcstung, Fahrzeuge und Feuerwehrh\u00e4user mit Fahrzeughallen und Gruppenr\u00e4umen ist die Gemeinde verantwortlich. Daher hat Carsten Fro\u00df in den vergangenen Monaten die Feuerwehren in Marbach, Steinau, Steinhaus, Haunedorf, Margretenhaun und Petersberg besucht und sich vor Ort informiert. In den vielen Gespr\u00e4chen hat er einen umfassenden Einblick \u00fcber den Leistungsstand der Wehren und die \u00f6rtlichen Herausforderungen bekommen. <\/p>\n<p>\u201eEs erf\u00fcllt mich mit Stolz, wenn ich sehe wie motiviert und professionell die Feuerwehrfrauen und -m\u00e4nner ihre Aufgaben angehen. Besonders beeindruckt mich ihre Bereitschaft, einen wichtigen Dienst in schweren Situationen f\u00fcr die Mitb\u00fcrgerinnen und Mitb\u00fcrger zu erbringen\u201c, lobt Fro\u00df ihre Arbeit. Als B\u00fcrgermeister sieht er sich in der Pflicht, daf\u00fcr zu sorgen, dass die erfolgreiche Arbeit der Feuerwehren auch in Zukunft fortgesetzt werden kann. Dabei gilt es besonders, den Nachwuchs noch mehr in den Fokus zu nehmen. Es gelte die Rahmenbedingungen in der Gemeinde so zu gestalten, dass sich die Kinder- und Jugendfeuerwehren weiter gut entwickeln k\u00f6nnen, so Fro\u00df. Denn hier lernen die Kinder und Jugendlichen neben dem fachlichen Knowhow auch das Zusammenleben und -arbeiten in der Gemeinschaft, bekommen Verantwortung \u00fcbertragen und k\u00f6nnen sich positiv entwickeln. Vor allem aber garantiert eine gute Jugendarbeit, dass es auch ausreichend Nachwuchs f\u00fcr die Einsatzabteilungen gibt. Aber nicht nur wenn es brennt sind die Feuerwehren da. In allen Ortsteilen tragen die Wehren mit einer Vielzahl an Veranstaltungen zum Angebot f\u00fcr Jung und Alt bei und leisten so neben dem Brandschutz noch einen weiteren wichtigen Beitrag f\u00fcr die Dorfgemeinschaft.<\/p>\n<p>Ebenfalls f\u00fcr Menschen, die in Not geraten sind, leisten die Ortsgruppen des Deutschen Roten Kreuzes und des Malteser Hilfsdienstes in der Gemeinde Petersberg einen wichtigen Beitrag. Mit deren Aufgaben im Sanit\u00e4ts- und Betreuungsdienst hat sich Carsten Fro\u00df bei Besuchen in Marbach und Steinhaus vertraut gemacht. \u201eIch freue mich sehr, dass auch im wichtigen Bereich des Katastrophenschutzes gro\u00dfes ehrenamtliches Engagement in der Gemeinde vorhanden ist\u201c, sagte Fro\u00df und verwies darauf, dass hier die Zusammenarbeit mit dem Landkreis wichtig sei, um weiter f\u00fcr gute Bedingungen f\u00fcr die Hilfsorganisationen in der Gemeinde zu sorgen. Die Zusammenarbeit und besonders das gemeinsame \u00dcben mit den gemeindlichen Feuerwehren gelte es weiter zu f\u00f6rdern, so Fro\u00df. Im Gespr\u00e4ch mit den Verantwortlichen sagte Fro\u00df zu, sich f\u00fcr die Unterst\u00fctzung der Organisationen durch die Gemeinde, etwa im Rahmen der Vereinsf\u00f6rderung, stark zu machen.<\/p>\n<p>F\u00fcr Carsten Fro\u00df steht fest: \u201eDer Austausch mit denen, die in den Ortsteilen Verantwortung f\u00fcr unsere Gesellschaft und Gemeinschaft \u00fcbernehmen, liegt mir am Herzen. Als B\u00fcrgermeister werde ich diesen weiter pflegen.\u201c Denn f\u00fcr ihn ist klar, dass es nur gemeinsam gelingt die Zukunft der Gemeinde positiv zu gestalten.<\/p>\n","protected":false},"excerpt":{"rendered":"<div class=\"tmnf_excerpt\"><p>Einen besonderen Dienst \u00fcbernahm der CDU B\u00fcrgermeisterkandidat Carsten Fro\u00df am vergangenen Sonntag am \u201eTag der Feuerwehr\u201c in Steinau. Er stand hinter der Theke und versorgte die Besucher im Feuerwehrhaus mit k\u00fchlen Getr\u00e4nken. \u201eWir freuen uns, dass Carsten Fro\u00df bei uns Mitglied geworden ist und auch f\u00fcr einen Dienst auf unserem Fest zur Verf\u00fcgung steht.\u201c erkl\u00e4rt &hellip;<\/p>\n<\/div>","protected":false},"author":1,"featured_media":0,"comment_status":"closed","ping_status":"closed","sticky":false,"template":"","format":"standard","meta":{"footnotes":""},"categories":[1],"tags":[],"class_list":["post-166417","post","type-post","status-publish","format-standard","hentry","category-startseite"],"_links":{"self":[{"href":"https:\/\/www.fuldaernachrichten.de\/index.php?rest_route=\/wp\/v2\/posts\/166417","targetHints":{"allow":["GET"]}}],"collection":[{"href":"https:\/\/www.fuldaernachrichten.de\/index.php?rest_route=\/wp\/v2\/posts"}],"about":[{"href":"https:\/\/www.fuldaernachrichten.de\/index.php?rest_route=\/wp\/v2\/types\/post"}],"author":[{"embeddable":true,"href":"https:\/\/www.fuldaernachrichten.de\/index.php?rest_route=\/wp\/v2\/users\/1"}],"replies":[{"embeddable":true,"href":"https:\/\/www.fuldaernachrichten.de\/index.php?rest_route=%2Fwp%2Fv2%2Fcomments&post=166417"}],"version-history":[{"count":1,"href":"https:\/\/www.fuldaernachrichten.de\/index.php?rest_route=\/wp\/v2\/posts\/166417\/revisions"}],"predecessor-version":[{"id":166422,"href":"https:\/\/www.fuldaernachrichten.de\/index.php?rest_route=\/wp\/v2\/posts\/166417\/revisions\/166422"}],"wp:attachment":[{"href":"https:\/\/www.fuldaernachrichten.de\/index.php?rest_route=%2Fwp%2Fv2%2Fmedia&parent=166417"}],"wp:term":[{"taxonomy":"category","embeddable":true,"href":"https:\/\/www.fuldaernachrichten.de\/index.php?rest_route=%2Fwp%2Fv2%2Fcategories&post=166417"},{"taxonomy":"post_tag","embeddable":true,"href":"https:\/\/www.fuldaernachrichten.de\/index.php?rest_route=%2Fwp%2Fv2%2Ftags&post=166417"}],"curies":[{"name":"wp","href":"https:\/\/api.w.org\/{rel}","templated":true}]}}